{"id":808,"date":"2013-05-15T09:34:50","date_gmt":"2013-05-15T08:34:50","guid":{"rendered":"http:\/\/www.endtoend.fr\/site\/?p=808"},"modified":"2022-05-11T13:34:57","modified_gmt":"2022-05-11T12:34:57","slug":"festival-part-ci-part-la-2013","status":"publish","type":"post","link":"https:\/\/www.endtoend.fr\/site\/festival-part-ci-part-la-2013\/","title":{"rendered":"Festival P&rsquo;Art-ci p&rsquo;Art-l\u00e0 2013"},"content":{"rendered":"<p>Le collectif <strong>END to END<\/strong>\u00a0participe\u00a0a la\u00a0premi\u00e8re\u00a0\u00e9dition du\u00a0<strong><a title=\" Festival P'art-ci P'art-l\u00e0\" href=\"http:\/\/www.pcpl.fr\/\" target=\"_blank\" rel=\"noopener\">Festival P&rsquo;Art-ci p&rsquo;Art-l\u00e0<\/a><\/strong>\u00a0, qui se d\u00e9roule\u00a0du<strong> samedi 15 juin au dimanche 14 juillet 2013 \u00e0 Veyre-Monton<\/strong> proche de Clermont-Ferrand (63000).\u00a0<strong>END to END<\/strong>\u00a0r\u00e9alisera une fresque sur la palissade du Festival (13 et 14 juin 2013) et la\u00a0rafra\u00eechira\u00a0la\u00a0fa\u00e7ade\u00a0du Club22 (9 juillet 2013).<\/p>\n<p>Le <strong>Festival P&rsquo;art-ci P&rsquo;art-l\u00e0<\/strong> est une manifestation culturelle, ludique et interactive qui s&rsquo;adresse \u00e0 tous. Elle associe artistes, jeunes, acteurs locaux et habitants dans un esprit convivial et festif. Anciennement Les Rencontres Graff de la Roche Blanche.<\/p>\n<p><a href=\"http:\/\/www.endtoend.fr\/site\/wp-content\/uploads\/2013\/05\/affiche_1.jpg\" data-rel=\"lightbox-gallery-3JIKFrLF\" data-rl_title=\"\" data-rl_caption=\"\"><img loading=\"lazy\" decoding=\"async\" class=\"alignleft size-medium wp-image-811\" title=\"\" src=\"http:\/\/www.endtoend.fr\/site\/wp-content\/uploads\/2013\/05\/affiche_1-212x300.jpg\" alt=\"\" width=\"212\" height=\"300\" \/><\/a><\/p>\n<p><strong>Lancement du festival le 15 juin 2013 !<\/strong><\/p>\n<p>Jusqu&rsquo;au 14 juillet vous pourrez d\u00e9couvrir \u00e0 Veyre-Monton les installations artistiques \u00a0de :<\/p>\n<p>EDWIGE ZIARKOWSKI<\/p>\n<p>BORIS ROBIN<\/p>\n<p>PIERRE HENRI MALARTRE<\/p>\n<p>NIWOZ+AZRAEL<\/p>\n<p>MAXIME TAUBAN<\/p>\n<p>LE COLLEC<\/p>\n<p>TIF TRICOT DU CAFE LECTURE<\/p>\n<p>KIKO<\/p>\n<p>WARO<\/p>\n<p>MAXENVRAC<\/p>\n<p>END TO END<\/p>\n<p>LE GANG DES TRICOTEUSES ET TRICOTEURS INTERGENERATIONNEL ainsi que des cr\u00e9ations de jeunes du Secteur Animation Jeunes de Gergovie Val d&rsquo;Allier Communaut\u00e9 !<\/p>\n<div>_______________________________________________________________________<\/div>\n<div><\/div>\n<div><strong>PROGRAMMATION :<\/strong><\/div>\n<div><strong><\/strong><br \/>\n<strong>15\/06<\/strong> CONCERT \/ VLADKISTAN (chanson keupon) + LUC LE VERLAN (trio chanson)<\/div>\n<div><strong> 28\/06<\/strong> SPECTACLE \u00ab\u00a0Qu&rsquo;est-ce qu&rsquo;on serait heureux si on \u00e9tait heureux\u00a0\u00bb par la compagnie En M\u00eame Temps &#8211; Th\u00e9\u00e2tre plastique sur le th\u00e8me du Bonheur. A savourer&#8230;ensemble !<br \/>\n<strong>29\/06<\/strong> CONCERT \/ FANFARE LALYREdotCOM + GUEST<br \/>\n<strong>30\/06<\/strong> avec la FANFARE DE LA TOUFFE &#8211; Fanfare participative ouverte aux non-musiciens de 7 \u00e0 77 ans !<br \/>\n<strong>03\/07<\/strong> CONCERT SPACE PLUMBER &#8211; un plombier de l&rsquo;espace musicien branle-manettes qui bidouille des game-boy et trifouille son th\u00e9r\u00e9mine !(entre autre&#8230;)<br \/>\n<strong>06\/07<\/strong>REPAS-CABARET atypique burlesque en plein air avec LES FRERES DU MYSTERES et le repas servi par le CUISIBUS !Venez aussi tous les jeudis du festival participer \u00e0 une installation po\u00e9tique et \u00e9ph\u00e9m\u00e8re collective de YARN BOMBING ou GRAFFITRICOT ! En gros, tricoter et crocheter ensemble pour bombarder de couleurs des \u00e9l\u00e9ments de l&rsquo;espace urbain !Le programme complet sera bient\u00f4t disponible !<br \/>\nN&rsquo;h\u00e9sitez pas \u00e0 faire suivre l&rsquo;info !<strong>+d&rsquo;infos :Secteur Animation Jeunes-FAL-GVAC<\/strong><\/p>\n<\/div>\n<div><strong>Site du festival : <a title=\"Festival P'art-ci P'art-l\u00e0\" href=\"http:\/\/www.pcpl.fr\/\" target=\"_blank\" rel=\"noopener\">www.pcpl.fr<\/a><\/strong><br \/>\n<strong> 04 73 39 76 29<\/strong><br \/>\n<strong> partcipartla.fal.gvac@orange.fr<\/strong><br \/>\n<strong> Aur\u00e9lie BRUYERE \/ Coordinatrice du festival<\/strong><\/div>\n","protected":false},"excerpt":{"rendered":"<p>Le collectif END to END\u00a0participe\u00a0a la\u00a0premi\u00e8re\u00a0\u00e9dition du\u00a0Festival P&rsquo;Art-ci p&rsquo;Art-l\u00e0\u00a0, qui se d\u00e9roule\u00a0du samedi 15 juin au dimanche 14 juillet 2013 \u00e0 Veyre-Monton proche de Clermont-Ferrand (63000).\u00a0END to END\u00a0r\u00e9alisera une fresque sur la palissade du Festival (13 et 14 juin 2013) et la\u00a0rafra\u00eechira\u00a0la\u00a0fa\u00e7ade\u00a0du Club22 (9 juillet 2013). Le Festival P&rsquo;art-ci P&rsquo;art-l\u00e0 est une manifestation culturelle, ludique [&hellip;]<\/p>\n","protected":false},"author":1,"featured_media":811,"comment_status":"closed","ping_status":"open","sticky":false,"template":"","format":"standard","meta":{"_uag_custom_page_level_css":"","footnotes":""},"categories":[94],"tags":[150,147,19,146,18,137,13,153,145,152,154,151,142,149,138,148,143,144,131,141,140,20,139],"class_list":["post-808","post","type-post","status-publish","format-standard","has-post-thumbnail","hentry","category-news","tag-azrael","tag-boris-robin","tag-deft","tag-edwige-ziarkowski","tag-end-to-end","tag-festival-part-ci-part-la","tag-graffiti","tag-kiko","tag-la-roche-blanche","tag-le-collec-tif-tricot-du-cafe-lecture","tag-maxenvrac","tag-maxime-tauban","tag-monton","tag-niwoz","tag-pcpl","tag-pierre-henri-malartre","tag-rencontres-graff","tag-rencontres-graff-2013","tag-street-art","tag-veyre","tag-veyre-monton","tag-waro","tag-www-pcpl-fr"],"yoast_head":"<!-- This site is optimized with the Yoast SEO plugin v26.8 - https:\/\/yoast.com\/product\/yoast-seo-wordpress\/ -->\n<title>Festival P&#039;Art-ci p&#039;Art-l\u00e0 2013 | END TO END | Collectif d\u2019Artistes | Graffiti Street Art | Clermont-Ferrand<\/title>\n<meta name=\"robots\" content=\"index, follow, max-snippet:-1, max-image-preview:large, max-video-preview:-1\" \/>\n<link rel=\"canonical\" href=\"https:\/\/www.endtoend.fr\/site\/festival-part-ci-part-la-2013\/\" \/>\n<meta property=\"og:locale\" content=\"fr_FR\" \/>\n<meta property=\"og:type\" content=\"article\" \/>\n<meta property=\"og:title\" content=\"Festival P&#039;Art-ci p&#039;Art-l\u00e0 2013 | END TO END | Collectif d\u2019Artistes | Graffiti Street Art | Clermont-Ferrand\" \/>\n<meta property=\"og:description\" content=\"Le collectif END to END\u00a0participe\u00a0a la\u00a0premi\u00e8re\u00a0\u00e9dition du\u00a0Festival P&rsquo;Art-ci p&rsquo;Art-l\u00e0\u00a0, qui se d\u00e9roule\u00a0du samedi 15 juin au dimanche 14 juillet 2013 \u00e0 Veyre-Monton proche de Clermont-Ferrand (63000).\u00a0END to END\u00a0r\u00e9alisera une fresque sur la palissade du Festival (13 et 14 juin 2013) et la\u00a0rafra\u00eechira\u00a0la\u00a0fa\u00e7ade\u00a0du Club22 (9 juillet 2013). Le Festival P&rsquo;art-ci P&rsquo;art-l\u00e0 est une manifestation culturelle, ludique [&hellip;]\" \/>\n<meta property=\"og:url\" content=\"https:\/\/www.endtoend.fr\/site\/festival-part-ci-part-la-2013\/\" \/>\n<meta property=\"og:site_name\" content=\"END TO END | Collectif d\u2019Artistes | Graffiti Street Art | Clermont-Ferrand\" \/>\n<meta property=\"article:publisher\" content=\"https:\/\/www.facebook.com\/collectif.endtoend\" \/>\n<meta property=\"article:published_time\" content=\"2013-05-15T08:34:50+00:00\" \/>\n<meta property=\"article:modified_time\" content=\"2022-05-11T12:34:57+00:00\" \/>\n<meta property=\"og:image\" content=\"https:\/\/www.endtoend.fr\/site\/wp-content\/uploads\/2013\/05\/affiche_1.jpg\" \/>\n\t<meta property=\"og:image:width\" content=\"679\" \/>\n\t<meta property=\"og:image:height\" content=\"960\" \/>\n\t<meta property=\"og:image:type\" content=\"image\/jpeg\" \/>\n<meta name=\"author\" content=\"ENDtoEND\" \/>\n<meta name=\"twitter:label1\" content=\"\u00c9crit par\" \/>\n\t<meta name=\"twitter:data1\" content=\"ENDtoEND\" \/>\n\t<meta name=\"twitter:label2\" content=\"Dur\u00e9e de lecture estim\u00e9e\" \/>\n\t<meta name=\"twitter:data2\" content=\"2 minutes\" \/>\n<script type=\"application\/ld+json\" class=\"yoast-schema-graph\">{\"@context\":\"https:\/\/schema.org\",\"@graph\":[{\"@type\":\"Article\",\"@id\":\"https:\/\/www.endtoend.fr\/site\/festival-part-ci-part-la-2013\/#article\",\"isPartOf\":{\"@id\":\"https:\/\/www.endtoend.fr\/site\/festival-part-ci-part-la-2013\/\"},\"author\":{\"name\":\"ENDtoEND\",\"@id\":\"https:\/\/www.endtoend.fr\/site\/#\/schema\/person\/c41bbdf31473f32770fd47881070d793\"},\"headline\":\"Festival P&rsquo;Art-ci p&rsquo;Art-l\u00e0 2013\",\"datePublished\":\"2013-05-15T08:34:50+00:00\",\"dateModified\":\"2022-05-11T12:34:57+00:00\",\"mainEntityOfPage\":{\"@id\":\"https:\/\/www.endtoend.fr\/site\/festival-part-ci-part-la-2013\/\"},\"wordCount\":340,\"publisher\":{\"@id\":\"https:\/\/www.endtoend.fr\/site\/#organization\"},\"image\":{\"@id\":\"https:\/\/www.endtoend.fr\/site\/festival-part-ci-part-la-2013\/#primaryimage\"},\"thumbnailUrl\":\"https:\/\/www.endtoend.fr\/site\/wp-content\/uploads\/2013\/05\/affiche_1.jpg\",\"keywords\":[\"AZRAEL\",\"BORIS ROBIN\",\"deft\",\"EDWIGE ZIARKOWSKI\",\"end to end\",\"Festival P'art-ci P'art-l\u00e0\",\"graffiti\",\"KIKO\",\"la roche blanche\",\"LE COLLEC TIF TRICOT DU CAFE LECTURE\",\"MAXENVRAC\",\"MAXIME TAUBAN\",\"monton\",\"NIWOZ\",\"pcpl\",\"PIERRE HENRI MALARTRE\",\"rencontres graff\",\"rencontres graff 2013\",\"street-art\",\"veyre\",\"veyre-monton\",\"waro\",\"www.pcpl.fr\"],\"articleSection\":[\"Actualit\u00e9s\"],\"inLanguage\":\"fr-FR\"},{\"@type\":\"WebPage\",\"@id\":\"https:\/\/www.endtoend.fr\/site\/festival-part-ci-part-la-2013\/\",\"url\":\"https:\/\/www.endtoend.fr\/site\/festival-part-ci-part-la-2013\/\",\"name\":\"Festival P'Art-ci p'Art-l\u00e0 2013 | END TO END | Collectif d\u2019Artistes | Graffiti Street Art | Clermont-Ferrand\",\"isPartOf\":{\"@id\":\"https:\/\/www.endtoend.fr\/site\/#website\"},\"primaryImageOfPage\":{\"@id\":\"https:\/\/www.endtoend.fr\/site\/festival-part-ci-part-la-2013\/#primaryimage\"},\"image\":{\"@id\":\"https:\/\/www.endtoend.fr\/site\/festival-part-ci-part-la-2013\/#primaryimage\"},\"thumbnailUrl\":\"https:\/\/www.endtoend.fr\/site\/wp-content\/uploads\/2013\/05\/affiche_1.jpg\",\"datePublished\":\"2013-05-15T08:34:50+00:00\",\"dateModified\":\"2022-05-11T12:34:57+00:00\",\"breadcrumb\":{\"@id\":\"https:\/\/www.endtoend.fr\/site\/festival-part-ci-part-la-2013\/#breadcrumb\"},\"inLanguage\":\"fr-FR\",\"potentialAction\":[{\"@type\":\"ReadAction\",\"target\":[\"https:\/\/www.endtoend.fr\/site\/festival-part-ci-part-la-2013\/\"]}]},{\"@type\":\"ImageObject\",\"inLanguage\":\"fr-FR\",\"@id\":\"https:\/\/www.endtoend.fr\/site\/festival-part-ci-part-la-2013\/#primaryimage\",\"url\":\"https:\/\/www.endtoend.fr\/site\/wp-content\/uploads\/2013\/05\/affiche_1.jpg\",\"contentUrl\":\"https:\/\/www.endtoend.fr\/site\/wp-content\/uploads\/2013\/05\/affiche_1.jpg\",\"width\":679,\"height\":960},{\"@type\":\"BreadcrumbList\",\"@id\":\"https:\/\/www.endtoend.fr\/site\/festival-part-ci-part-la-2013\/#breadcrumb\",\"itemListElement\":[{\"@type\":\"ListItem\",\"position\":1,\"name\":\"Home\",\"item\":\"https:\/\/www.endtoend.fr\/site\/\"},{\"@type\":\"ListItem\",\"position\":2,\"name\":\"Festival P&#8217;Art-ci p&#8217;Art-l\u00e0 2013\"}]},{\"@type\":\"WebSite\",\"@id\":\"https:\/\/www.endtoend.fr\/site\/#website\",\"url\":\"https:\/\/www.endtoend.fr\/site\/\",\"name\":\"END TO END | Collectif d\u2019Artistes | Graffiti Street Art | Clermont-Ferrand\",\"description\":\"Association d&#039;Artistes Peintres Graffiti, r\u00e9alisation de fresques, d\u00e9corations, toiles et expositions. Clermont-Ferrand, Toulouse, Paris.\",\"publisher\":{\"@id\":\"https:\/\/www.endtoend.fr\/site\/#organization\"},\"potentialAction\":[{\"@type\":\"SearchAction\",\"target\":{\"@type\":\"EntryPoint\",\"urlTemplate\":\"https:\/\/www.endtoend.fr\/site\/?s={search_term_string}\"},\"query-input\":{\"@type\":\"PropertyValueSpecification\",\"valueRequired\":true,\"valueName\":\"search_term_string\"}}],\"inLanguage\":\"fr-FR\"},{\"@type\":\"Organization\",\"@id\":\"https:\/\/www.endtoend.fr\/site\/#organization\",\"name\":\"Collectif END to END\",\"url\":\"https:\/\/www.endtoend.fr\/site\/\",\"logo\":{\"@type\":\"ImageObject\",\"inLanguage\":\"fr-FR\",\"@id\":\"https:\/\/www.endtoend.fr\/site\/#\/schema\/logo\/image\/\",\"url\":\"https:\/\/www.endtoend.fr\/site\/wp-content\/uploads\/2022\/08\/end-to-end-graffiti-street-art-clermont-ferrand.jpg\",\"contentUrl\":\"https:\/\/www.endtoend.fr\/site\/wp-content\/uploads\/2022\/08\/end-to-end-graffiti-street-art-clermont-ferrand.jpg\",\"width\":1920,\"height\":1080,\"caption\":\"Collectif END to END\"},\"image\":{\"@id\":\"https:\/\/www.endtoend.fr\/site\/#\/schema\/logo\/image\/\"},\"sameAs\":[\"https:\/\/www.facebook.com\/collectif.endtoend\",\"https:\/\/x.com\/ENDtoEND_\",\"https:\/\/www.instagram.com\/end_to_end\/\",\"https:\/\/www.youtube.com\/user\/ENDtoENDgraffiti\"]},{\"@type\":\"Person\",\"@id\":\"https:\/\/www.endtoend.fr\/site\/#\/schema\/person\/c41bbdf31473f32770fd47881070d793\",\"name\":\"ENDtoEND\",\"url\":\"https:\/\/www.endtoend.fr\/site\/author\/endtoend-shop\/\"}]}<\/script>\n<!-- \/ Yoast SEO plugin. -->","yoast_head_json":{"title":"Festival P'Art-ci p'Art-l\u00e0 2013 | END TO END | Collectif d\u2019Artistes | Graffiti Street Art | Clermont-Ferrand","robots":{"index":"index","follow":"follow","max-snippet":"max-snippet:-1","max-image-preview":"max-image-preview:large","max-video-preview":"max-video-preview:-1"},"canonical":"https:\/\/www.endtoend.fr\/site\/festival-part-ci-part-la-2013\/","og_locale":"fr_FR","og_type":"article","og_title":"Festival P'Art-ci p'Art-l\u00e0 2013 | END TO END | Collectif d\u2019Artistes | Graffiti Street Art | Clermont-Ferrand","og_description":"Le collectif END to END\u00a0participe\u00a0a la\u00a0premi\u00e8re\u00a0\u00e9dition du\u00a0Festival P&rsquo;Art-ci p&rsquo;Art-l\u00e0\u00a0, qui se d\u00e9roule\u00a0du samedi 15 juin au dimanche 14 juillet 2013 \u00e0 Veyre-Monton proche de Clermont-Ferrand (63000).\u00a0END to END\u00a0r\u00e9alisera une fresque sur la palissade du Festival (13 et 14 juin 2013) et la\u00a0rafra\u00eechira\u00a0la\u00a0fa\u00e7ade\u00a0du Club22 (9 juillet 2013). Le Festival P&rsquo;art-ci P&rsquo;art-l\u00e0 est une manifestation culturelle, ludique [&hellip;]","og_url":"https:\/\/www.endtoend.fr\/site\/festival-part-ci-part-la-2013\/","og_site_name":"END TO END | Collectif d\u2019Artistes | Graffiti Street Art | Clermont-Ferrand","article_publisher":"https:\/\/www.facebook.com\/collectif.endtoend","article_published_time":"2013-05-15T08:34:50+00:00","article_modified_time":"2022-05-11T12:34:57+00:00","og_image":[{"width":679,"height":960,"url":"https:\/\/www.endtoend.fr\/site\/wp-content\/uploads\/2013\/05\/affiche_1.jpg","type":"image\/jpeg"}],"author":"ENDtoEND","twitter_misc":{"\u00c9crit par":"ENDtoEND","Dur\u00e9e de lecture estim\u00e9e":"2 minutes"},"schema":{"@context":"https:\/\/schema.org","@graph":[{"@type":"Article","@id":"https:\/\/www.endtoend.fr\/site\/festival-part-ci-part-la-2013\/#article","isPartOf":{"@id":"https:\/\/www.endtoend.fr\/site\/festival-part-ci-part-la-2013\/"},"author":{"name":"ENDtoEND","@id":"https:\/\/www.endtoend.fr\/site\/#\/schema\/person\/c41bbdf31473f32770fd47881070d793"},"headline":"Festival P&rsquo;Art-ci p&rsquo;Art-l\u00e0 2013","datePublished":"2013-05-15T08:34:50+00:00","dateModified":"2022-05-11T12:34:57+00:00","mainEntityOfPage":{"@id":"https:\/\/www.endtoend.fr\/site\/festival-part-ci-part-la-2013\/"},"wordCount":340,"publisher":{"@id":"https:\/\/www.endtoend.fr\/site\/#organization"},"image":{"@id":"https:\/\/www.endtoend.fr\/site\/festival-part-ci-part-la-2013\/#primaryimage"},"thumbnailUrl":"https:\/\/www.endtoend.fr\/site\/wp-content\/uploads\/2013\/05\/affiche_1.jpg","keywords":["AZRAEL","BORIS ROBIN","deft","EDWIGE ZIARKOWSKI","end to end","Festival P'art-ci P'art-l\u00e0","graffiti","KIKO","la roche blanche","LE COLLEC TIF TRICOT DU CAFE LECTURE","MAXENVRAC","MAXIME TAUBAN","monton","NIWOZ","pcpl","PIERRE HENRI MALARTRE","rencontres graff","rencontres graff 2013","street-art","veyre","veyre-monton","waro","www.pcpl.fr"],"articleSection":["Actualit\u00e9s"],"inLanguage":"fr-FR"},{"@type":"WebPage","@id":"https:\/\/www.endtoend.fr\/site\/festival-part-ci-part-la-2013\/","url":"https:\/\/www.endtoend.fr\/site\/festival-part-ci-part-la-2013\/","name":"Festival P'Art-ci p'Art-l\u00e0 2013 | END TO END | Collectif d\u2019Artistes | Graffiti Street Art | Clermont-Ferrand","isPartOf":{"@id":"https:\/\/www.endtoend.fr\/site\/#website"},"primaryImageOfPage":{"@id":"https:\/\/www.endtoend.fr\/site\/festival-part-ci-part-la-2013\/#primaryimage"},"image":{"@id":"https:\/\/www.endtoend.fr\/site\/festival-part-ci-part-la-2013\/#primaryimage"},"thumbnailUrl":"https:\/\/www.endtoend.fr\/site\/wp-content\/uploads\/2013\/05\/affiche_1.jpg","datePublished":"2013-05-15T08:34:50+00:00","dateModified":"2022-05-11T12:34:57+00:00","breadcrumb":{"@id":"https:\/\/www.endtoend.fr\/site\/festival-part-ci-part-la-2013\/#breadcrumb"},"inLanguage":"fr-FR","potentialAction":[{"@type":"ReadAction","target":["https:\/\/www.endtoend.fr\/site\/festival-part-ci-part-la-2013\/"]}]},{"@type":"ImageObject","inLanguage":"fr-FR","@id":"https:\/\/www.endtoend.fr\/site\/festival-part-ci-part-la-2013\/#primaryimage","url":"https:\/\/www.endtoend.fr\/site\/wp-content\/uploads\/2013\/05\/affiche_1.jpg","contentUrl":"https:\/\/www.endtoend.fr\/site\/wp-content\/uploads\/2013\/05\/affiche_1.jpg","width":679,"height":960},{"@type":"BreadcrumbList","@id":"https:\/\/www.endtoend.fr\/site\/festival-part-ci-part-la-2013\/#breadcrumb","itemListElement":[{"@type":"ListItem","position":1,"name":"Home","item":"https:\/\/www.endtoend.fr\/site\/"},{"@type":"ListItem","position":2,"name":"Festival P&#8217;Art-ci p&#8217;Art-l\u00e0 2013"}]},{"@type":"WebSite","@id":"https:\/\/www.endtoend.fr\/site\/#website","url":"https:\/\/www.endtoend.fr\/site\/","name":"END TO END | Collectif d\u2019Artistes | Graffiti Street Art | Clermont-Ferrand","description":"Association d&#039;Artistes Peintres Graffiti, r\u00e9alisation de fresques, d\u00e9corations, toiles et expositions. Clermont-Ferrand, Toulouse, Paris.","publisher":{"@id":"https:\/\/www.endtoend.fr\/site\/#organization"},"potentialAction":[{"@type":"SearchAction","target":{"@type":"EntryPoint","urlTemplate":"https:\/\/www.endtoend.fr\/site\/?s={search_term_string}"},"query-input":{"@type":"PropertyValueSpecification","valueRequired":true,"valueName":"search_term_string"}}],"inLanguage":"fr-FR"},{"@type":"Organization","@id":"https:\/\/www.endtoend.fr\/site\/#organization","name":"Collectif END to END","url":"https:\/\/www.endtoend.fr\/site\/","logo":{"@type":"ImageObject","inLanguage":"fr-FR","@id":"https:\/\/www.endtoend.fr\/site\/#\/schema\/logo\/image\/","url":"https:\/\/www.endtoend.fr\/site\/wp-content\/uploads\/2022\/08\/end-to-end-graffiti-street-art-clermont-ferrand.jpg","contentUrl":"https:\/\/www.endtoend.fr\/site\/wp-content\/uploads\/2022\/08\/end-to-end-graffiti-street-art-clermont-ferrand.jpg","width":1920,"height":1080,"caption":"Collectif END to END"},"image":{"@id":"https:\/\/www.endtoend.fr\/site\/#\/schema\/logo\/image\/"},"sameAs":["https:\/\/www.facebook.com\/collectif.endtoend","https:\/\/x.com\/ENDtoEND_","https:\/\/www.instagram.com\/end_to_end\/","https:\/\/www.youtube.com\/user\/ENDtoENDgraffiti"]},{"@type":"Person","@id":"https:\/\/www.endtoend.fr\/site\/#\/schema\/person\/c41bbdf31473f32770fd47881070d793","name":"ENDtoEND","url":"https:\/\/www.endtoend.fr\/site\/author\/endtoend-shop\/"}]}},"uagb_featured_image_src":{"full":["https:\/\/www.endtoend.fr\/site\/wp-content\/uploads\/2013\/05\/affiche_1.jpg",679,960,false],"thumbnail":["https:\/\/www.endtoend.fr\/site\/wp-content\/uploads\/2013\/05\/affiche_1-300x300.jpg",300,300,true],"medium":["https:\/\/www.endtoend.fr\/site\/wp-content\/uploads\/2013\/05\/affiche_1.jpg",679,960,false],"medium_large":["https:\/\/www.endtoend.fr\/site\/wp-content\/uploads\/2013\/05\/affiche_1.jpg",679,960,false],"large":["https:\/\/www.endtoend.fr\/site\/wp-content\/uploads\/2013\/05\/affiche_1.jpg",679,960,false],"1536x1536":["https:\/\/www.endtoend.fr\/site\/wp-content\/uploads\/2013\/05\/affiche_1.jpg",679,960,false],"2048x2048":["https:\/\/www.endtoend.fr\/site\/wp-content\/uploads\/2013\/05\/affiche_1.jpg",679,960,false]},"uagb_author_info":{"display_name":"ENDtoEND","author_link":"https:\/\/www.endtoend.fr\/site\/author\/endtoend-shop\/"},"uagb_comment_info":1,"uagb_excerpt":"Le collectif END to END\u00a0participe\u00a0a la\u00a0premi\u00e8re\u00a0\u00e9dition du\u00a0Festival P&rsquo;Art-ci p&rsquo;Art-l\u00e0\u00a0, qui se d\u00e9roule\u00a0du samedi 15 juin au dimanche 14 juillet 2013 \u00e0 Veyre-Monton proche de Clermont-Ferrand (63000).\u00a0END to END\u00a0r\u00e9alisera une fresque sur la palissade du Festival (13 et 14 juin 2013) et la\u00a0rafra\u00eechira\u00a0la\u00a0fa\u00e7ade\u00a0du Club22 (9 juillet 2013). Le Festival P&rsquo;art-ci P&rsquo;art-l\u00e0 est une manifestation culturelle, ludique\u2026","_links":{"self":[{"href":"https:\/\/www.endtoend.fr\/site\/wp-json\/wp\/v2\/posts\/808","targetHints":{"allow":["GET"]}}],"collection":[{"href":"https:\/\/www.endtoend.fr\/site\/wp-json\/wp\/v2\/posts"}],"about":[{"href":"https:\/\/www.endtoend.fr\/site\/wp-json\/wp\/v2\/types\/post"}],"author":[{"embeddable":true,"href":"https:\/\/www.endtoend.fr\/site\/wp-json\/wp\/v2\/users\/1"}],"replies":[{"embeddable":true,"href":"https:\/\/www.endtoend.fr\/site\/wp-json\/wp\/v2\/comments?post=808"}],"version-history":[{"count":0,"href":"https:\/\/www.endtoend.fr\/site\/wp-json\/wp\/v2\/posts\/808\/revisions"}],"wp:featuredmedia":[{"embeddable":true,"href":"https:\/\/www.endtoend.fr\/site\/wp-json\/wp\/v2\/media\/811"}],"wp:attachment":[{"href":"https:\/\/www.endtoend.fr\/site\/wp-json\/wp\/v2\/media?parent=808"}],"wp:term":[{"taxonomy":"category","embeddable":true,"href":"https:\/\/www.endtoend.fr\/site\/wp-json\/wp\/v2\/categories?post=808"},{"taxonomy":"post_tag","embeddable":true,"href":"https:\/\/www.endtoend.fr\/site\/wp-json\/wp\/v2\/tags?post=808"}],"curies":[{"name":"wp","href":"https:\/\/api.w.org\/{rel}","templated":true}]}}