{"id":531,"date":"2012-04-06T12:04:23","date_gmt":"2012-04-06T11:04:23","guid":{"rendered":"http:\/\/www.endtoend.fr\/site\/?p=531"},"modified":"2022-05-11T13:35:17","modified_gmt":"2022-05-11T12:35:17","slug":"67-et-8-avril-2012-48h-du-polar-a-clermont-ferrand","status":"publish","type":"post","link":"https:\/\/www.endtoend.fr\/site\/67-et-8-avril-2012-48h-du-polar-a-clermont-ferrand\/","title":{"rendered":"6,7 et 8 Avril 2012 &#8211; 48h du Polar \u00e0 Clermont-Ferrand"},"content":{"rendered":"<p style=\"text-align: justify;\">Les membres de l&rsquo;association vont r\u00e9aliser les &lsquo;totems&rsquo; de pr\u00e9sentation pour les auteurs invit\u00e9s lors des 48h du polars! le 6,7 et 8 Avril 2012 \u00e0 Clermont-Ferrand<\/p>\n<p><a href=\"http:\/\/www.48h-du-polar.fr\/\" target=\"_blank\" rel=\"noopener\">www.48h-du-polar.fr<\/a><\/p>\n<p><a href=\"http:\/\/www.endtoend.fr\/site\/wp-content\/uploads\/2012\/09\/48h_du_polar_2012.jpg\" data-rel=\"lightbox-gallery-GuWq5wSa\" data-rl_title=\"\" data-rl_caption=\"\"><img loading=\"lazy\" decoding=\"async\" class=\"size-full wp-image-532 alignleft\" title=\"\" src=\"http:\/\/www.endtoend.fr\/site\/wp-content\/uploads\/2012\/09\/48h_du_polar_2012.jpg\" alt=\"\" width=\"550\" height=\"309\" \/><\/a><\/p>\n","protected":false},"excerpt":{"rendered":"<p>Les membres de l&rsquo;association vont r\u00e9aliser les &lsquo;totems&rsquo; de pr\u00e9sentation pour les auteurs invit\u00e9s lors des 48h du polars! le 6,7 et 8 Avril 2012 \u00e0 Clermont-Ferrand www.48h-du-polar.fr<\/p>\n","protected":false},"author":1,"featured_media":1818,"comment_status":"closed","ping_status":"open","sticky":false,"template":"","format":"standard","meta":{"_uag_custom_page_level_css":"","footnotes":""},"categories":[94],"tags":[100,101,16,18,17],"class_list":["post-531","post","type-post","status-publish","format-standard","has-post-thumbnail","hentry","category-news","tag-48-heures-du-polar-2012","tag-48h-du-polar","tag-clermont-ferrand","tag-end-to-end","tag-endtoend"],"yoast_head":"<!-- This site is optimized with the Yoast SEO plugin v26.8 - https:\/\/yoast.com\/product\/yoast-seo-wordpress\/ -->\n<title>6,7 et 8 Avril 2012 - 48h du Polar \u00e0 Clermont-Ferrand | END TO END | Collectif d\u2019Artistes | Graffiti Street Art | Clermont-Ferrand<\/title>\n<meta name=\"robots\" content=\"index, follow, max-snippet:-1, max-image-preview:large, max-video-preview:-1\" \/>\n<link rel=\"canonical\" href=\"https:\/\/www.endtoend.fr\/site\/67-et-8-avril-2012-48h-du-polar-a-clermont-ferrand\/\" \/>\n<meta property=\"og:locale\" content=\"fr_FR\" \/>\n<meta property=\"og:type\" content=\"article\" \/>\n<meta property=\"og:title\" content=\"6,7 et 8 Avril 2012 - 48h du Polar \u00e0 Clermont-Ferrand | END TO END | Collectif d\u2019Artistes | Graffiti Street Art | Clermont-Ferrand\" \/>\n<meta property=\"og:description\" content=\"Les membres de l&rsquo;association vont r\u00e9aliser les &lsquo;totems&rsquo; de pr\u00e9sentation pour les auteurs invit\u00e9s lors des 48h du polars! le 6,7 et 8 Avril 2012 \u00e0 Clermont-Ferrand www.48h-du-polar.fr\" \/>\n<meta property=\"og:url\" content=\"https:\/\/www.endtoend.fr\/site\/67-et-8-avril-2012-48h-du-polar-a-clermont-ferrand\/\" \/>\n<meta property=\"og:site_name\" content=\"END TO END | Collectif d\u2019Artistes | Graffiti Street Art | Clermont-Ferrand\" \/>\n<meta property=\"article:publisher\" content=\"https:\/\/www.facebook.com\/collectif.endtoend\" \/>\n<meta property=\"article:published_time\" content=\"2012-04-06T11:04:23+00:00\" \/>\n<meta property=\"article:modified_time\" content=\"2022-05-11T12:35:17+00:00\" \/>\n<meta property=\"og:image\" content=\"https:\/\/www.endtoend.fr\/site\/wp-content\/uploads\/2012\/04\/48h_du_polar_2012_1213.jpg\" \/>\n\t<meta property=\"og:image:width\" content=\"1424\" \/>\n\t<meta property=\"og:image:height\" content=\"800\" \/>\n\t<meta property=\"og:image:type\" content=\"image\/jpeg\" \/>\n<meta name=\"author\" content=\"ENDtoEND\" \/>\n<meta name=\"twitter:label1\" content=\"\u00c9crit par\" \/>\n\t<meta name=\"twitter:data1\" content=\"ENDtoEND\" \/>\n<script type=\"application\/ld+json\" class=\"yoast-schema-graph\">{\"@context\":\"https:\/\/schema.org\",\"@graph\":[{\"@type\":\"Article\",\"@id\":\"https:\/\/www.endtoend.fr\/site\/67-et-8-avril-2012-48h-du-polar-a-clermont-ferrand\/#article\",\"isPartOf\":{\"@id\":\"https:\/\/www.endtoend.fr\/site\/67-et-8-avril-2012-48h-du-polar-a-clermont-ferrand\/\"},\"author\":{\"name\":\"ENDtoEND\",\"@id\":\"https:\/\/www.endtoend.fr\/site\/#\/schema\/person\/c41bbdf31473f32770fd47881070d793\"},\"headline\":\"6,7 et 8 Avril 2012 &#8211; 48h du Polar \u00e0 Clermont-Ferrand\",\"datePublished\":\"2012-04-06T11:04:23+00:00\",\"dateModified\":\"2022-05-11T12:35:17+00:00\",\"mainEntityOfPage\":{\"@id\":\"https:\/\/www.endtoend.fr\/site\/67-et-8-avril-2012-48h-du-polar-a-clermont-ferrand\/\"},\"wordCount\":37,\"publisher\":{\"@id\":\"https:\/\/www.endtoend.fr\/site\/#organization\"},\"image\":{\"@id\":\"https:\/\/www.endtoend.fr\/site\/67-et-8-avril-2012-48h-du-polar-a-clermont-ferrand\/#primaryimage\"},\"thumbnailUrl\":\"https:\/\/www.endtoend.fr\/site\/wp-content\/uploads\/2012\/04\/48h_du_polar_2012_1213.jpg\",\"keywords\":[\"48 heures du polar 2012\",\"48h du polar\",\"clermont-ferrand\",\"end to end\",\"endtoend\"],\"articleSection\":[\"Actualit\u00e9s\"],\"inLanguage\":\"fr-FR\"},{\"@type\":\"WebPage\",\"@id\":\"https:\/\/www.endtoend.fr\/site\/67-et-8-avril-2012-48h-du-polar-a-clermont-ferrand\/\",\"url\":\"https:\/\/www.endtoend.fr\/site\/67-et-8-avril-2012-48h-du-polar-a-clermont-ferrand\/\",\"name\":\"6,7 et 8 Avril 2012 - 48h du Polar \u00e0 Clermont-Ferrand | END TO END | Collectif d\u2019Artistes | Graffiti Street Art | Clermont-Ferrand\",\"isPartOf\":{\"@id\":\"https:\/\/www.endtoend.fr\/site\/#website\"},\"primaryImageOfPage\":{\"@id\":\"https:\/\/www.endtoend.fr\/site\/67-et-8-avril-2012-48h-du-polar-a-clermont-ferrand\/#primaryimage\"},\"image\":{\"@id\":\"https:\/\/www.endtoend.fr\/site\/67-et-8-avril-2012-48h-du-polar-a-clermont-ferrand\/#primaryimage\"},\"thumbnailUrl\":\"https:\/\/www.endtoend.fr\/site\/wp-content\/uploads\/2012\/04\/48h_du_polar_2012_1213.jpg\",\"datePublished\":\"2012-04-06T11:04:23+00:00\",\"dateModified\":\"2022-05-11T12:35:17+00:00\",\"breadcrumb\":{\"@id\":\"https:\/\/www.endtoend.fr\/site\/67-et-8-avril-2012-48h-du-polar-a-clermont-ferrand\/#breadcrumb\"},\"inLanguage\":\"fr-FR\",\"potentialAction\":[{\"@type\":\"ReadAction\",\"target\":[\"https:\/\/www.endtoend.fr\/site\/67-et-8-avril-2012-48h-du-polar-a-clermont-ferrand\/\"]}]},{\"@type\":\"ImageObject\",\"inLanguage\":\"fr-FR\",\"@id\":\"https:\/\/www.endtoend.fr\/site\/67-et-8-avril-2012-48h-du-polar-a-clermont-ferrand\/#primaryimage\",\"url\":\"https:\/\/www.endtoend.fr\/site\/wp-content\/uploads\/2012\/04\/48h_du_polar_2012_1213.jpg\",\"contentUrl\":\"https:\/\/www.endtoend.fr\/site\/wp-content\/uploads\/2012\/04\/48h_du_polar_2012_1213.jpg\",\"width\":1424,\"height\":800},{\"@type\":\"BreadcrumbList\",\"@id\":\"https:\/\/www.endtoend.fr\/site\/67-et-8-avril-2012-48h-du-polar-a-clermont-ferrand\/#breadcrumb\",\"itemListElement\":[{\"@type\":\"ListItem\",\"position\":1,\"name\":\"Home\",\"item\":\"https:\/\/www.endtoend.fr\/site\/\"},{\"@type\":\"ListItem\",\"position\":2,\"name\":\"6,7 et 8 Avril 2012 &#8211; 48h du Polar \u00e0 Clermont-Ferrand\"}]},{\"@type\":\"WebSite\",\"@id\":\"https:\/\/www.endtoend.fr\/site\/#website\",\"url\":\"https:\/\/www.endtoend.fr\/site\/\",\"name\":\"END TO END | Collectif d\u2019Artistes | Graffiti Street Art | Clermont-Ferrand\",\"description\":\"Association d&#039;Artistes Peintres Graffiti, r\u00e9alisation de fresques, d\u00e9corations, toiles et expositions. Clermont-Ferrand, Toulouse, Paris.\",\"publisher\":{\"@id\":\"https:\/\/www.endtoend.fr\/site\/#organization\"},\"potentialAction\":[{\"@type\":\"SearchAction\",\"target\":{\"@type\":\"EntryPoint\",\"urlTemplate\":\"https:\/\/www.endtoend.fr\/site\/?s={search_term_string}\"},\"query-input\":{\"@type\":\"PropertyValueSpecification\",\"valueRequired\":true,\"valueName\":\"search_term_string\"}}],\"inLanguage\":\"fr-FR\"},{\"@type\":\"Organization\",\"@id\":\"https:\/\/www.endtoend.fr\/site\/#organization\",\"name\":\"Collectif END to END\",\"url\":\"https:\/\/www.endtoend.fr\/site\/\",\"logo\":{\"@type\":\"ImageObject\",\"inLanguage\":\"fr-FR\",\"@id\":\"https:\/\/www.endtoend.fr\/site\/#\/schema\/logo\/image\/\",\"url\":\"https:\/\/www.endtoend.fr\/site\/wp-content\/uploads\/2022\/08\/end-to-end-graffiti-street-art-clermont-ferrand.jpg\",\"contentUrl\":\"https:\/\/www.endtoend.fr\/site\/wp-content\/uploads\/2022\/08\/end-to-end-graffiti-street-art-clermont-ferrand.jpg\",\"width\":1920,\"height\":1080,\"caption\":\"Collectif END to END\"},\"image\":{\"@id\":\"https:\/\/www.endtoend.fr\/site\/#\/schema\/logo\/image\/\"},\"sameAs\":[\"https:\/\/www.facebook.com\/collectif.endtoend\",\"https:\/\/x.com\/ENDtoEND_\",\"https:\/\/www.instagram.com\/end_to_end\/\",\"https:\/\/www.youtube.com\/user\/ENDtoENDgraffiti\"]},{\"@type\":\"Person\",\"@id\":\"https:\/\/www.endtoend.fr\/site\/#\/schema\/person\/c41bbdf31473f32770fd47881070d793\",\"name\":\"ENDtoEND\",\"url\":\"https:\/\/www.endtoend.fr\/site\/author\/endtoend-shop\/\"}]}<\/script>\n<!-- \/ Yoast SEO plugin. -->","yoast_head_json":{"title":"6,7 et 8 Avril 2012 - 48h du Polar \u00e0 Clermont-Ferrand | END TO END | Collectif d\u2019Artistes | Graffiti Street Art | Clermont-Ferrand","robots":{"index":"index","follow":"follow","max-snippet":"max-snippet:-1","max-image-preview":"max-image-preview:large","max-video-preview":"max-video-preview:-1"},"canonical":"https:\/\/www.endtoend.fr\/site\/67-et-8-avril-2012-48h-du-polar-a-clermont-ferrand\/","og_locale":"fr_FR","og_type":"article","og_title":"6,7 et 8 Avril 2012 - 48h du Polar \u00e0 Clermont-Ferrand | END TO END | Collectif d\u2019Artistes | Graffiti Street Art | Clermont-Ferrand","og_description":"Les membres de l&rsquo;association vont r\u00e9aliser les &lsquo;totems&rsquo; de pr\u00e9sentation pour les auteurs invit\u00e9s lors des 48h du polars! le 6,7 et 8 Avril 2012 \u00e0 Clermont-Ferrand www.48h-du-polar.fr","og_url":"https:\/\/www.endtoend.fr\/site\/67-et-8-avril-2012-48h-du-polar-a-clermont-ferrand\/","og_site_name":"END TO END | Collectif d\u2019Artistes | Graffiti Street Art | Clermont-Ferrand","article_publisher":"https:\/\/www.facebook.com\/collectif.endtoend","article_published_time":"2012-04-06T11:04:23+00:00","article_modified_time":"2022-05-11T12:35:17+00:00","og_image":[{"width":1424,"height":800,"url":"https:\/\/www.endtoend.fr\/site\/wp-content\/uploads\/2012\/04\/48h_du_polar_2012_1213.jpg","type":"image\/jpeg"}],"author":"ENDtoEND","twitter_misc":{"\u00c9crit par":"ENDtoEND"},"schema":{"@context":"https:\/\/schema.org","@graph":[{"@type":"Article","@id":"https:\/\/www.endtoend.fr\/site\/67-et-8-avril-2012-48h-du-polar-a-clermont-ferrand\/#article","isPartOf":{"@id":"https:\/\/www.endtoend.fr\/site\/67-et-8-avril-2012-48h-du-polar-a-clermont-ferrand\/"},"author":{"name":"ENDtoEND","@id":"https:\/\/www.endtoend.fr\/site\/#\/schema\/person\/c41bbdf31473f32770fd47881070d793"},"headline":"6,7 et 8 Avril 2012 &#8211; 48h du Polar \u00e0 Clermont-Ferrand","datePublished":"2012-04-06T11:04:23+00:00","dateModified":"2022-05-11T12:35:17+00:00","mainEntityOfPage":{"@id":"https:\/\/www.endtoend.fr\/site\/67-et-8-avril-2012-48h-du-polar-a-clermont-ferrand\/"},"wordCount":37,"publisher":{"@id":"https:\/\/www.endtoend.fr\/site\/#organization"},"image":{"@id":"https:\/\/www.endtoend.fr\/site\/67-et-8-avril-2012-48h-du-polar-a-clermont-ferrand\/#primaryimage"},"thumbnailUrl":"https:\/\/www.endtoend.fr\/site\/wp-content\/uploads\/2012\/04\/48h_du_polar_2012_1213.jpg","keywords":["48 heures du polar 2012","48h du polar","clermont-ferrand","end to end","endtoend"],"articleSection":["Actualit\u00e9s"],"inLanguage":"fr-FR"},{"@type":"WebPage","@id":"https:\/\/www.endtoend.fr\/site\/67-et-8-avril-2012-48h-du-polar-a-clermont-ferrand\/","url":"https:\/\/www.endtoend.fr\/site\/67-et-8-avril-2012-48h-du-polar-a-clermont-ferrand\/","name":"6,7 et 8 Avril 2012 - 48h du Polar \u00e0 Clermont-Ferrand | END TO END | Collectif d\u2019Artistes | Graffiti Street Art | Clermont-Ferrand","isPartOf":{"@id":"https:\/\/www.endtoend.fr\/site\/#website"},"primaryImageOfPage":{"@id":"https:\/\/www.endtoend.fr\/site\/67-et-8-avril-2012-48h-du-polar-a-clermont-ferrand\/#primaryimage"},"image":{"@id":"https:\/\/www.endtoend.fr\/site\/67-et-8-avril-2012-48h-du-polar-a-clermont-ferrand\/#primaryimage"},"thumbnailUrl":"https:\/\/www.endtoend.fr\/site\/wp-content\/uploads\/2012\/04\/48h_du_polar_2012_1213.jpg","datePublished":"2012-04-06T11:04:23+00:00","dateModified":"2022-05-11T12:35:17+00:00","breadcrumb":{"@id":"https:\/\/www.endtoend.fr\/site\/67-et-8-avril-2012-48h-du-polar-a-clermont-ferrand\/#breadcrumb"},"inLanguage":"fr-FR","potentialAction":[{"@type":"ReadAction","target":["https:\/\/www.endtoend.fr\/site\/67-et-8-avril-2012-48h-du-polar-a-clermont-ferrand\/"]}]},{"@type":"ImageObject","inLanguage":"fr-FR","@id":"https:\/\/www.endtoend.fr\/site\/67-et-8-avril-2012-48h-du-polar-a-clermont-ferrand\/#primaryimage","url":"https:\/\/www.endtoend.fr\/site\/wp-content\/uploads\/2012\/04\/48h_du_polar_2012_1213.jpg","contentUrl":"https:\/\/www.endtoend.fr\/site\/wp-content\/uploads\/2012\/04\/48h_du_polar_2012_1213.jpg","width":1424,"height":800},{"@type":"BreadcrumbList","@id":"https:\/\/www.endtoend.fr\/site\/67-et-8-avril-2012-48h-du-polar-a-clermont-ferrand\/#breadcrumb","itemListElement":[{"@type":"ListItem","position":1,"name":"Home","item":"https:\/\/www.endtoend.fr\/site\/"},{"@type":"ListItem","position":2,"name":"6,7 et 8 Avril 2012 &#8211; 48h du Polar \u00e0 Clermont-Ferrand"}]},{"@type":"WebSite","@id":"https:\/\/www.endtoend.fr\/site\/#website","url":"https:\/\/www.endtoend.fr\/site\/","name":"END TO END | Collectif d\u2019Artistes | Graffiti Street Art | Clermont-Ferrand","description":"Association d&#039;Artistes Peintres Graffiti, r\u00e9alisation de fresques, d\u00e9corations, toiles et expositions. Clermont-Ferrand, Toulouse, Paris.","publisher":{"@id":"https:\/\/www.endtoend.fr\/site\/#organization"},"potentialAction":[{"@type":"SearchAction","target":{"@type":"EntryPoint","urlTemplate":"https:\/\/www.endtoend.fr\/site\/?s={search_term_string}"},"query-input":{"@type":"PropertyValueSpecification","valueRequired":true,"valueName":"search_term_string"}}],"inLanguage":"fr-FR"},{"@type":"Organization","@id":"https:\/\/www.endtoend.fr\/site\/#organization","name":"Collectif END to END","url":"https:\/\/www.endtoend.fr\/site\/","logo":{"@type":"ImageObject","inLanguage":"fr-FR","@id":"https:\/\/www.endtoend.fr\/site\/#\/schema\/logo\/image\/","url":"https:\/\/www.endtoend.fr\/site\/wp-content\/uploads\/2022\/08\/end-to-end-graffiti-street-art-clermont-ferrand.jpg","contentUrl":"https:\/\/www.endtoend.fr\/site\/wp-content\/uploads\/2022\/08\/end-to-end-graffiti-street-art-clermont-ferrand.jpg","width":1920,"height":1080,"caption":"Collectif END to END"},"image":{"@id":"https:\/\/www.endtoend.fr\/site\/#\/schema\/logo\/image\/"},"sameAs":["https:\/\/www.facebook.com\/collectif.endtoend","https:\/\/x.com\/ENDtoEND_","https:\/\/www.instagram.com\/end_to_end\/","https:\/\/www.youtube.com\/user\/ENDtoENDgraffiti"]},{"@type":"Person","@id":"https:\/\/www.endtoend.fr\/site\/#\/schema\/person\/c41bbdf31473f32770fd47881070d793","name":"ENDtoEND","url":"https:\/\/www.endtoend.fr\/site\/author\/endtoend-shop\/"}]}},"uagb_featured_image_src":{"full":["https:\/\/www.endtoend.fr\/site\/wp-content\/uploads\/2012\/04\/48h_du_polar_2012_1213.jpg",1424,800,false],"thumbnail":["https:\/\/www.endtoend.fr\/site\/wp-content\/uploads\/2012\/04\/48h_du_polar_2012_1213-300x300.jpg",300,300,true],"medium":["https:\/\/www.endtoend.fr\/site\/wp-content\/uploads\/2012\/04\/48h_du_polar_2012_1213-1000x562.jpg",1000,562,true],"medium_large":["https:\/\/www.endtoend.fr\/site\/wp-content\/uploads\/2012\/04\/48h_du_polar_2012_1213-768x431.jpg",768,431,true],"large":["https:\/\/www.endtoend.fr\/site\/wp-content\/uploads\/2012\/04\/48h_du_polar_2012_1213-1200x674.jpg",1200,674,true],"1536x1536":["https:\/\/www.endtoend.fr\/site\/wp-content\/uploads\/2012\/04\/48h_du_polar_2012_1213.jpg",1424,800,false],"2048x2048":["https:\/\/www.endtoend.fr\/site\/wp-content\/uploads\/2012\/04\/48h_du_polar_2012_1213.jpg",1424,800,false]},"uagb_author_info":{"display_name":"ENDtoEND","author_link":"https:\/\/www.endtoend.fr\/site\/author\/endtoend-shop\/"},"uagb_comment_info":0,"uagb_excerpt":"Les membres de l&rsquo;association vont r\u00e9aliser les &lsquo;totems&rsquo; de pr\u00e9sentation pour les auteurs invit\u00e9s lors des 48h du polars! le 6,7 et 8 Avril 2012 \u00e0 Clermont-Ferrand www.48h-du-polar.fr","_links":{"self":[{"href":"https:\/\/www.endtoend.fr\/site\/wp-json\/wp\/v2\/posts\/531","targetHints":{"allow":["GET"]}}],"collection":[{"href":"https:\/\/www.endtoend.fr\/site\/wp-json\/wp\/v2\/posts"}],"about":[{"href":"https:\/\/www.endtoend.fr\/site\/wp-json\/wp\/v2\/types\/post"}],"author":[{"embeddable":true,"href":"https:\/\/www.endtoend.fr\/site\/wp-json\/wp\/v2\/users\/1"}],"replies":[{"embeddable":true,"href":"https:\/\/www.endtoend.fr\/site\/wp-json\/wp\/v2\/comments?post=531"}],"version-history":[{"count":0,"href":"https:\/\/www.endtoend.fr\/site\/wp-json\/wp\/v2\/posts\/531\/revisions"}],"wp:featuredmedia":[{"embeddable":true,"href":"https:\/\/www.endtoend.fr\/site\/wp-json\/wp\/v2\/media\/1818"}],"wp:attachment":[{"href":"https:\/\/www.endtoend.fr\/site\/wp-json\/wp\/v2\/media?parent=531"}],"wp:term":[{"taxonomy":"category","embeddable":true,"href":"https:\/\/www.endtoend.fr\/site\/wp-json\/wp\/v2\/categories?post=531"},{"taxonomy":"post_tag","embeddable":true,"href":"https:\/\/www.endtoend.fr\/site\/wp-json\/wp\/v2\/tags?post=531"}],"curies":[{"name":"wp","href":"https:\/\/api.w.org\/{rel}","templated":true}]}}