{"id":517,"date":"2012-09-28T11:50:20","date_gmt":"2012-09-28T10:50:20","guid":{"rendered":"http:\/\/www.endtoend.fr\/site\/?p=517"},"modified":"2022-05-11T13:35:15","modified_gmt":"2022-05-11T12:35:15","slug":"29-septembre-2012-pyramide-de-chaussures-a-clermont-ferrand","status":"publish","type":"post","link":"https:\/\/www.endtoend.fr\/site\/29-septembre-2012-pyramide-de-chaussures-a-clermont-ferrand\/","title":{"rendered":"29 Septembre 2012, Pyramide de Chaussures \u00e0 Clermont-Ferrand"},"content":{"rendered":"<p style=\"text-align: justify;\">Pour les 30 ans de la Pyramide de Chaussures, le Collectif END TO END r\u00e9alisera une fresque en live, Place de Jaude \u00e0 Clermont-Ferrand ainsi qu&rsquo;une vente de toiles r\u00e9alis\u00e9es pour l&rsquo;occasion, au profit de Handicap International.\u00a0Samedi 29 Septembre 2012, Place de Jaude, de 10h30 \u00e0 18h30.\u00a0Toute la journ\u00e9e, les visiteurs pourront d\u00e9couvrir une exposition sur le combat contre les mines et les BASM, signer la p\u00e9tition et d\u00e9poser le plus grand nombre possible de paires de chaussures sur la Pyramide.<\/p>\n<p><a href=\"http:\/\/www.endtoend.fr\/site\/wp-content\/uploads\/2012\/09\/handicap_internationnal1.jpg\" data-rel=\"lightbox-gallery-n58un0k4\" data-rl_title=\"\" data-rl_caption=\"\"><img loading=\"lazy\" decoding=\"async\" class=\"size-large wp-image-518 alignleft\" title=\"\" src=\"http:\/\/www.endtoend.fr\/site\/wp-content\/uploads\/2012\/09\/handicap_internationnal1-720x1020.jpg\" alt=\"pyramide de chaussure \u00e0 clermont-ferrand\" width=\"720\" height=\"1020\" \/><\/a><a href=\"http:\/\/www.endtoend.fr\/site\/wp-content\/uploads\/2012\/09\/handicap_internationnal_clermont.jpg\" data-rel=\"lightbox-gallery-n58un0k4\" data-rl_title=\"\" data-rl_caption=\"\"><img loading=\"lazy\" decoding=\"async\" class=\"size-large wp-image-542 alignleft\" title=\"\" src=\"http:\/\/www.endtoend.fr\/site\/wp-content\/uploads\/2012\/09\/handicap_internationnal_clermont-720x1021.jpg\" alt=\"\" width=\"720\" height=\"1021\" \/><\/a><\/p>\n","protected":false},"excerpt":{"rendered":"<p>Pour les 30 ans de la Pyramide de Chaussures, le Collectif END TO END r\u00e9alisera une fresque en live, Place de Jaude \u00e0 Clermont-Ferrand ainsi qu&rsquo;une vente de toiles r\u00e9alis\u00e9es pour l&rsquo;occasion, au profit de Handicap International.\u00a0Samedi 29 Septembre 2012, Place de Jaude, de 10h30 \u00e0 18h30.\u00a0Toute la journ\u00e9e, les visiteurs pourront d\u00e9couvrir une exposition [&hellip;]<\/p>\n","protected":false},"author":1,"featured_media":518,"comment_status":"closed","ping_status":"open","sticky":false,"template":"","format":"standard","meta":{"_uag_custom_page_level_css":"","footnotes":""},"categories":[94],"tags":[16,18,17,26,27],"class_list":["post-517","post","type-post","status-publish","format-standard","has-post-thumbnail","hentry","category-news","tag-clermont-ferrand","tag-end-to-end","tag-endtoend","tag-handicap-international","tag-pyramide-de-chaussures"],"yoast_head":"<!-- This site is optimized with the Yoast SEO plugin v26.8 - https:\/\/yoast.com\/product\/yoast-seo-wordpress\/ -->\n<title>29 Septembre 2012, Pyramide de Chaussures \u00e0 Clermont-Ferrand | END TO END | Collectif d\u2019Artistes | Graffiti Street Art | Clermont-Ferrand<\/title>\n<meta name=\"robots\" content=\"index, follow, max-snippet:-1, max-image-preview:large, max-video-preview:-1\" \/>\n<link rel=\"canonical\" href=\"https:\/\/www.endtoend.fr\/site\/29-septembre-2012-pyramide-de-chaussures-a-clermont-ferrand\/\" \/>\n<meta property=\"og:locale\" content=\"fr_FR\" \/>\n<meta property=\"og:type\" content=\"article\" \/>\n<meta property=\"og:title\" content=\"29 Septembre 2012, Pyramide de Chaussures \u00e0 Clermont-Ferrand | END TO END | Collectif d\u2019Artistes | Graffiti Street Art | Clermont-Ferrand\" \/>\n<meta property=\"og:description\" content=\"Pour les 30 ans de la Pyramide de Chaussures, le Collectif END TO END r\u00e9alisera une fresque en live, Place de Jaude \u00e0 Clermont-Ferrand ainsi qu&rsquo;une vente de toiles r\u00e9alis\u00e9es pour l&rsquo;occasion, au profit de Handicap International.\u00a0Samedi 29 Septembre 2012, Place de Jaude, de 10h30 \u00e0 18h30.\u00a0Toute la journ\u00e9e, les visiteurs pourront d\u00e9couvrir une exposition [&hellip;]\" \/>\n<meta property=\"og:url\" content=\"https:\/\/www.endtoend.fr\/site\/29-septembre-2012-pyramide-de-chaussures-a-clermont-ferrand\/\" \/>\n<meta property=\"og:site_name\" content=\"END TO END | Collectif d\u2019Artistes | Graffiti Street Art | Clermont-Ferrand\" \/>\n<meta property=\"article:publisher\" content=\"https:\/\/www.facebook.com\/collectif.endtoend\" \/>\n<meta property=\"article:published_time\" content=\"2012-09-28T10:50:20+00:00\" \/>\n<meta property=\"article:modified_time\" content=\"2022-05-11T12:35:15+00:00\" \/>\n<meta property=\"og:image\" content=\"https:\/\/www.endtoend.fr\/site\/wp-content\/uploads\/2012\/09\/handicap_internationnal1.jpg\" \/>\n\t<meta property=\"og:image:width\" content=\"1000\" \/>\n\t<meta property=\"og:image:height\" content=\"1418\" \/>\n\t<meta property=\"og:image:type\" content=\"image\/jpeg\" \/>\n<meta name=\"author\" content=\"ENDtoEND\" \/>\n<meta name=\"twitter:label1\" content=\"\u00c9crit par\" \/>\n\t<meta name=\"twitter:data1\" content=\"ENDtoEND\" \/>\n<script type=\"application\/ld+json\" class=\"yoast-schema-graph\">{\"@context\":\"https:\/\/schema.org\",\"@graph\":[{\"@type\":\"Article\",\"@id\":\"https:\/\/www.endtoend.fr\/site\/29-septembre-2012-pyramide-de-chaussures-a-clermont-ferrand\/#article\",\"isPartOf\":{\"@id\":\"https:\/\/www.endtoend.fr\/site\/29-septembre-2012-pyramide-de-chaussures-a-clermont-ferrand\/\"},\"author\":{\"name\":\"ENDtoEND\",\"@id\":\"https:\/\/www.endtoend.fr\/site\/#\/schema\/person\/c41bbdf31473f32770fd47881070d793\"},\"headline\":\"29 Septembre 2012, Pyramide de Chaussures \u00e0 Clermont-Ferrand\",\"datePublished\":\"2012-09-28T10:50:20+00:00\",\"dateModified\":\"2022-05-11T12:35:15+00:00\",\"mainEntityOfPage\":{\"@id\":\"https:\/\/www.endtoend.fr\/site\/29-septembre-2012-pyramide-de-chaussures-a-clermont-ferrand\/\"},\"wordCount\":92,\"publisher\":{\"@id\":\"https:\/\/www.endtoend.fr\/site\/#organization\"},\"image\":{\"@id\":\"https:\/\/www.endtoend.fr\/site\/29-septembre-2012-pyramide-de-chaussures-a-clermont-ferrand\/#primaryimage\"},\"thumbnailUrl\":\"https:\/\/www.endtoend.fr\/site\/wp-content\/uploads\/2012\/09\/handicap_internationnal1.jpg\",\"keywords\":[\"clermont-ferrand\",\"end to end\",\"endtoend\",\"handicap international\",\"pyramide de chaussures\"],\"articleSection\":[\"Actualit\u00e9s\"],\"inLanguage\":\"fr-FR\"},{\"@type\":\"WebPage\",\"@id\":\"https:\/\/www.endtoend.fr\/site\/29-septembre-2012-pyramide-de-chaussures-a-clermont-ferrand\/\",\"url\":\"https:\/\/www.endtoend.fr\/site\/29-septembre-2012-pyramide-de-chaussures-a-clermont-ferrand\/\",\"name\":\"29 Septembre 2012, Pyramide de Chaussures \u00e0 Clermont-Ferrand | END TO END | Collectif d\u2019Artistes | Graffiti Street Art | Clermont-Ferrand\",\"isPartOf\":{\"@id\":\"https:\/\/www.endtoend.fr\/site\/#website\"},\"primaryImageOfPage\":{\"@id\":\"https:\/\/www.endtoend.fr\/site\/29-septembre-2012-pyramide-de-chaussures-a-clermont-ferrand\/#primaryimage\"},\"image\":{\"@id\":\"https:\/\/www.endtoend.fr\/site\/29-septembre-2012-pyramide-de-chaussures-a-clermont-ferrand\/#primaryimage\"},\"thumbnailUrl\":\"https:\/\/www.endtoend.fr\/site\/wp-content\/uploads\/2012\/09\/handicap_internationnal1.jpg\",\"datePublished\":\"2012-09-28T10:50:20+00:00\",\"dateModified\":\"2022-05-11T12:35:15+00:00\",\"breadcrumb\":{\"@id\":\"https:\/\/www.endtoend.fr\/site\/29-septembre-2012-pyramide-de-chaussures-a-clermont-ferrand\/#breadcrumb\"},\"inLanguage\":\"fr-FR\",\"potentialAction\":[{\"@type\":\"ReadAction\",\"target\":[\"https:\/\/www.endtoend.fr\/site\/29-septembre-2012-pyramide-de-chaussures-a-clermont-ferrand\/\"]}]},{\"@type\":\"ImageObject\",\"inLanguage\":\"fr-FR\",\"@id\":\"https:\/\/www.endtoend.fr\/site\/29-septembre-2012-pyramide-de-chaussures-a-clermont-ferrand\/#primaryimage\",\"url\":\"https:\/\/www.endtoend.fr\/site\/wp-content\/uploads\/2012\/09\/handicap_internationnal1.jpg\",\"contentUrl\":\"https:\/\/www.endtoend.fr\/site\/wp-content\/uploads\/2012\/09\/handicap_internationnal1.jpg\",\"width\":1000,\"height\":1418,\"caption\":\"pyramide de chaussure \u00e0 clermont-ferrand\"},{\"@type\":\"BreadcrumbList\",\"@id\":\"https:\/\/www.endtoend.fr\/site\/29-septembre-2012-pyramide-de-chaussures-a-clermont-ferrand\/#breadcrumb\",\"itemListElement\":[{\"@type\":\"ListItem\",\"position\":1,\"name\":\"Home\",\"item\":\"https:\/\/www.endtoend.fr\/site\/\"},{\"@type\":\"ListItem\",\"position\":2,\"name\":\"29 Septembre 2012, Pyramide de Chaussures \u00e0 Clermont-Ferrand\"}]},{\"@type\":\"WebSite\",\"@id\":\"https:\/\/www.endtoend.fr\/site\/#website\",\"url\":\"https:\/\/www.endtoend.fr\/site\/\",\"name\":\"END TO END | Collectif d\u2019Artistes | Graffiti Street Art | Clermont-Ferrand\",\"description\":\"Association d&#039;Artistes Peintres Graffiti, r\u00e9alisation de fresques, d\u00e9corations, toiles et expositions. Clermont-Ferrand, Toulouse, Paris.\",\"publisher\":{\"@id\":\"https:\/\/www.endtoend.fr\/site\/#organization\"},\"potentialAction\":[{\"@type\":\"SearchAction\",\"target\":{\"@type\":\"EntryPoint\",\"urlTemplate\":\"https:\/\/www.endtoend.fr\/site\/?s={search_term_string}\"},\"query-input\":{\"@type\":\"PropertyValueSpecification\",\"valueRequired\":true,\"valueName\":\"search_term_string\"}}],\"inLanguage\":\"fr-FR\"},{\"@type\":\"Organization\",\"@id\":\"https:\/\/www.endtoend.fr\/site\/#organization\",\"name\":\"Collectif END to END\",\"url\":\"https:\/\/www.endtoend.fr\/site\/\",\"logo\":{\"@type\":\"ImageObject\",\"inLanguage\":\"fr-FR\",\"@id\":\"https:\/\/www.endtoend.fr\/site\/#\/schema\/logo\/image\/\",\"url\":\"https:\/\/www.endtoend.fr\/site\/wp-content\/uploads\/2022\/08\/end-to-end-graffiti-street-art-clermont-ferrand.jpg\",\"contentUrl\":\"https:\/\/www.endtoend.fr\/site\/wp-content\/uploads\/2022\/08\/end-to-end-graffiti-street-art-clermont-ferrand.jpg\",\"width\":1920,\"height\":1080,\"caption\":\"Collectif END to END\"},\"image\":{\"@id\":\"https:\/\/www.endtoend.fr\/site\/#\/schema\/logo\/image\/\"},\"sameAs\":[\"https:\/\/www.facebook.com\/collectif.endtoend\",\"https:\/\/x.com\/ENDtoEND_\",\"https:\/\/www.instagram.com\/end_to_end\/\",\"https:\/\/www.youtube.com\/user\/ENDtoENDgraffiti\"]},{\"@type\":\"Person\",\"@id\":\"https:\/\/www.endtoend.fr\/site\/#\/schema\/person\/c41bbdf31473f32770fd47881070d793\",\"name\":\"ENDtoEND\",\"url\":\"https:\/\/www.endtoend.fr\/site\/author\/endtoend-shop\/\"}]}<\/script>\n<!-- \/ Yoast SEO plugin. -->","yoast_head_json":{"title":"29 Septembre 2012, Pyramide de Chaussures \u00e0 Clermont-Ferrand | END TO END | Collectif d\u2019Artistes | Graffiti Street Art | Clermont-Ferrand","robots":{"index":"index","follow":"follow","max-snippet":"max-snippet:-1","max-image-preview":"max-image-preview:large","max-video-preview":"max-video-preview:-1"},"canonical":"https:\/\/www.endtoend.fr\/site\/29-septembre-2012-pyramide-de-chaussures-a-clermont-ferrand\/","og_locale":"fr_FR","og_type":"article","og_title":"29 Septembre 2012, Pyramide de Chaussures \u00e0 Clermont-Ferrand | END TO END | Collectif d\u2019Artistes | Graffiti Street Art | Clermont-Ferrand","og_description":"Pour les 30 ans de la Pyramide de Chaussures, le Collectif END TO END r\u00e9alisera une fresque en live, Place de Jaude \u00e0 Clermont-Ferrand ainsi qu&rsquo;une vente de toiles r\u00e9alis\u00e9es pour l&rsquo;occasion, au profit de Handicap International.\u00a0Samedi 29 Septembre 2012, Place de Jaude, de 10h30 \u00e0 18h30.\u00a0Toute la journ\u00e9e, les visiteurs pourront d\u00e9couvrir une exposition [&hellip;]","og_url":"https:\/\/www.endtoend.fr\/site\/29-septembre-2012-pyramide-de-chaussures-a-clermont-ferrand\/","og_site_name":"END TO END | Collectif d\u2019Artistes | Graffiti Street Art | Clermont-Ferrand","article_publisher":"https:\/\/www.facebook.com\/collectif.endtoend","article_published_time":"2012-09-28T10:50:20+00:00","article_modified_time":"2022-05-11T12:35:15+00:00","og_image":[{"width":1000,"height":1418,"url":"https:\/\/www.endtoend.fr\/site\/wp-content\/uploads\/2012\/09\/handicap_internationnal1.jpg","type":"image\/jpeg"}],"author":"ENDtoEND","twitter_misc":{"\u00c9crit par":"ENDtoEND"},"schema":{"@context":"https:\/\/schema.org","@graph":[{"@type":"Article","@id":"https:\/\/www.endtoend.fr\/site\/29-septembre-2012-pyramide-de-chaussures-a-clermont-ferrand\/#article","isPartOf":{"@id":"https:\/\/www.endtoend.fr\/site\/29-septembre-2012-pyramide-de-chaussures-a-clermont-ferrand\/"},"author":{"name":"ENDtoEND","@id":"https:\/\/www.endtoend.fr\/site\/#\/schema\/person\/c41bbdf31473f32770fd47881070d793"},"headline":"29 Septembre 2012, Pyramide de Chaussures \u00e0 Clermont-Ferrand","datePublished":"2012-09-28T10:50:20+00:00","dateModified":"2022-05-11T12:35:15+00:00","mainEntityOfPage":{"@id":"https:\/\/www.endtoend.fr\/site\/29-septembre-2012-pyramide-de-chaussures-a-clermont-ferrand\/"},"wordCount":92,"publisher":{"@id":"https:\/\/www.endtoend.fr\/site\/#organization"},"image":{"@id":"https:\/\/www.endtoend.fr\/site\/29-septembre-2012-pyramide-de-chaussures-a-clermont-ferrand\/#primaryimage"},"thumbnailUrl":"https:\/\/www.endtoend.fr\/site\/wp-content\/uploads\/2012\/09\/handicap_internationnal1.jpg","keywords":["clermont-ferrand","end to end","endtoend","handicap international","pyramide de chaussures"],"articleSection":["Actualit\u00e9s"],"inLanguage":"fr-FR"},{"@type":"WebPage","@id":"https:\/\/www.endtoend.fr\/site\/29-septembre-2012-pyramide-de-chaussures-a-clermont-ferrand\/","url":"https:\/\/www.endtoend.fr\/site\/29-septembre-2012-pyramide-de-chaussures-a-clermont-ferrand\/","name":"29 Septembre 2012, Pyramide de Chaussures \u00e0 Clermont-Ferrand | END TO END | Collectif d\u2019Artistes | Graffiti Street Art | Clermont-Ferrand","isPartOf":{"@id":"https:\/\/www.endtoend.fr\/site\/#website"},"primaryImageOfPage":{"@id":"https:\/\/www.endtoend.fr\/site\/29-septembre-2012-pyramide-de-chaussures-a-clermont-ferrand\/#primaryimage"},"image":{"@id":"https:\/\/www.endtoend.fr\/site\/29-septembre-2012-pyramide-de-chaussures-a-clermont-ferrand\/#primaryimage"},"thumbnailUrl":"https:\/\/www.endtoend.fr\/site\/wp-content\/uploads\/2012\/09\/handicap_internationnal1.jpg","datePublished":"2012-09-28T10:50:20+00:00","dateModified":"2022-05-11T12:35:15+00:00","breadcrumb":{"@id":"https:\/\/www.endtoend.fr\/site\/29-septembre-2012-pyramide-de-chaussures-a-clermont-ferrand\/#breadcrumb"},"inLanguage":"fr-FR","potentialAction":[{"@type":"ReadAction","target":["https:\/\/www.endtoend.fr\/site\/29-septembre-2012-pyramide-de-chaussures-a-clermont-ferrand\/"]}]},{"@type":"ImageObject","inLanguage":"fr-FR","@id":"https:\/\/www.endtoend.fr\/site\/29-septembre-2012-pyramide-de-chaussures-a-clermont-ferrand\/#primaryimage","url":"https:\/\/www.endtoend.fr\/site\/wp-content\/uploads\/2012\/09\/handicap_internationnal1.jpg","contentUrl":"https:\/\/www.endtoend.fr\/site\/wp-content\/uploads\/2012\/09\/handicap_internationnal1.jpg","width":1000,"height":1418,"caption":"pyramide de chaussure \u00e0 clermont-ferrand"},{"@type":"BreadcrumbList","@id":"https:\/\/www.endtoend.fr\/site\/29-septembre-2012-pyramide-de-chaussures-a-clermont-ferrand\/#breadcrumb","itemListElement":[{"@type":"ListItem","position":1,"name":"Home","item":"https:\/\/www.endtoend.fr\/site\/"},{"@type":"ListItem","position":2,"name":"29 Septembre 2012, Pyramide de Chaussures \u00e0 Clermont-Ferrand"}]},{"@type":"WebSite","@id":"https:\/\/www.endtoend.fr\/site\/#website","url":"https:\/\/www.endtoend.fr\/site\/","name":"END TO END | Collectif d\u2019Artistes | Graffiti Street Art | Clermont-Ferrand","description":"Association d&#039;Artistes Peintres Graffiti, r\u00e9alisation de fresques, d\u00e9corations, toiles et expositions. Clermont-Ferrand, Toulouse, Paris.","publisher":{"@id":"https:\/\/www.endtoend.fr\/site\/#organization"},"potentialAction":[{"@type":"SearchAction","target":{"@type":"EntryPoint","urlTemplate":"https:\/\/www.endtoend.fr\/site\/?s={search_term_string}"},"query-input":{"@type":"PropertyValueSpecification","valueRequired":true,"valueName":"search_term_string"}}],"inLanguage":"fr-FR"},{"@type":"Organization","@id":"https:\/\/www.endtoend.fr\/site\/#organization","name":"Collectif END to END","url":"https:\/\/www.endtoend.fr\/site\/","logo":{"@type":"ImageObject","inLanguage":"fr-FR","@id":"https:\/\/www.endtoend.fr\/site\/#\/schema\/logo\/image\/","url":"https:\/\/www.endtoend.fr\/site\/wp-content\/uploads\/2022\/08\/end-to-end-graffiti-street-art-clermont-ferrand.jpg","contentUrl":"https:\/\/www.endtoend.fr\/site\/wp-content\/uploads\/2022\/08\/end-to-end-graffiti-street-art-clermont-ferrand.jpg","width":1920,"height":1080,"caption":"Collectif END to END"},"image":{"@id":"https:\/\/www.endtoend.fr\/site\/#\/schema\/logo\/image\/"},"sameAs":["https:\/\/www.facebook.com\/collectif.endtoend","https:\/\/x.com\/ENDtoEND_","https:\/\/www.instagram.com\/end_to_end\/","https:\/\/www.youtube.com\/user\/ENDtoENDgraffiti"]},{"@type":"Person","@id":"https:\/\/www.endtoend.fr\/site\/#\/schema\/person\/c41bbdf31473f32770fd47881070d793","name":"ENDtoEND","url":"https:\/\/www.endtoend.fr\/site\/author\/endtoend-shop\/"}]}},"uagb_featured_image_src":{"full":["https:\/\/www.endtoend.fr\/site\/wp-content\/uploads\/2012\/09\/handicap_internationnal1.jpg",1000,1418,false],"thumbnail":["https:\/\/www.endtoend.fr\/site\/wp-content\/uploads\/2012\/09\/handicap_internationnal1-300x300.jpg",300,300,true],"medium":["https:\/\/www.endtoend.fr\/site\/wp-content\/uploads\/2012\/09\/handicap_internationnal1-705x1000.jpg",705,1000,true],"medium_large":["https:\/\/www.endtoend.fr\/site\/wp-content\/uploads\/2012\/09\/handicap_internationnal1-768x1089.jpg",768,1089,true],"large":["https:\/\/www.endtoend.fr\/site\/wp-content\/uploads\/2012\/09\/handicap_internationnal1-846x1200.jpg",846,1200,true],"1536x1536":["https:\/\/www.endtoend.fr\/site\/wp-content\/uploads\/2012\/09\/handicap_internationnal1.jpg",1000,1418,false],"2048x2048":["https:\/\/www.endtoend.fr\/site\/wp-content\/uploads\/2012\/09\/handicap_internationnal1.jpg",1000,1418,false]},"uagb_author_info":{"display_name":"ENDtoEND","author_link":"https:\/\/www.endtoend.fr\/site\/author\/endtoend-shop\/"},"uagb_comment_info":0,"uagb_excerpt":"Pour les 30 ans de la Pyramide de Chaussures, le Collectif END TO END r\u00e9alisera une fresque en live, Place de Jaude \u00e0 Clermont-Ferrand ainsi qu&rsquo;une vente de toiles r\u00e9alis\u00e9es pour l&rsquo;occasion, au profit de Handicap International.\u00a0Samedi 29 Septembre 2012, Place de Jaude, de 10h30 \u00e0 18h30.\u00a0Toute la journ\u00e9e, les visiteurs pourront d\u00e9couvrir une exposition\u2026","_links":{"self":[{"href":"https:\/\/www.endtoend.fr\/site\/wp-json\/wp\/v2\/posts\/517","targetHints":{"allow":["GET"]}}],"collection":[{"href":"https:\/\/www.endtoend.fr\/site\/wp-json\/wp\/v2\/posts"}],"about":[{"href":"https:\/\/www.endtoend.fr\/site\/wp-json\/wp\/v2\/types\/post"}],"author":[{"embeddable":true,"href":"https:\/\/www.endtoend.fr\/site\/wp-json\/wp\/v2\/users\/1"}],"replies":[{"embeddable":true,"href":"https:\/\/www.endtoend.fr\/site\/wp-json\/wp\/v2\/comments?post=517"}],"version-history":[{"count":0,"href":"https:\/\/www.endtoend.fr\/site\/wp-json\/wp\/v2\/posts\/517\/revisions"}],"wp:featuredmedia":[{"embeddable":true,"href":"https:\/\/www.endtoend.fr\/site\/wp-json\/wp\/v2\/media\/518"}],"wp:attachment":[{"href":"https:\/\/www.endtoend.fr\/site\/wp-json\/wp\/v2\/media?parent=517"}],"wp:term":[{"taxonomy":"category","embeddable":true,"href":"https:\/\/www.endtoend.fr\/site\/wp-json\/wp\/v2\/categories?post=517"},{"taxonomy":"post_tag","embeddable":true,"href":"https:\/\/www.endtoend.fr\/site\/wp-json\/wp\/v2\/tags?post=517"}],"curies":[{"name":"wp","href":"https:\/\/api.w.org\/{rel}","templated":true}]}}