{"id":2790,"date":"2019-09-18T13:11:48","date_gmt":"2019-09-18T12:11:48","guid":{"rendered":"https:\/\/www.endtoend.fr\/site\/?p=2790"},"modified":"2022-06-14T16:40:41","modified_gmt":"2022-06-14T15:40:41","slug":"exposition-graff-in","status":"publish","type":"post","link":"https:\/\/www.endtoend.fr\/site\/exposition-graff-in\/","title":{"rendered":"Exposition Graff-in"},"content":{"rendered":"\n<p><iframe loading=\"lazy\" src=\"https:\/\/www.facebook.com\/plugins\/video.php?href=https%3A%2F%2Fwww.facebook.com%2Fcollectif.endtoend%2Fvideos%2F628557654337040%2F&amp;show_text=0&amp;width=560\" width=\"560\" height=\"315\" style=\"border:none;overflow:hidden\" scrolling=\"no\" frameborder=\"0\" allowtransparency=\"true\" allowfullscreen=\"true\"><\/iframe><\/p>\n\n\n\n<h2 class=\"wp-block-heading\">Graff In<\/h2>\n\n\n\n<p>Aper\u00e7u de l&rsquo;exposition \u00e9ph\u00e9m\u00e8re Graffiti &amp; Street Art r\u00e9alis\u00e9 \u00e0 Chamali\u00e8res dans le foyer Clair-Matin avant sa destruction.<\/p>\n\n\n\n<p>\u21d2 Vernissage : vendredi 20 septembre &#8211; 17h30\/20h30<br>\n\u21d2 Visible du 20 septembre au 4 octobre 2019 au foyer Clair Matin<br>\n\u21d2 14 Ter Avenue De Villars, 63400 Chamali\u00e8res.<br>\n\u21d2 <a href=\"https:\/\/www.facebook.com\/events\/1082713241922497\/\" target=\"_blank\" rel=\"noopener noreferrer\">www.facebook.com\/events\/1082713241922497\/<\/a><\/p>\n\n\n\n<p>Projet r\u00e9alis\u00e9 avec les jeunes filles du foyer et les artistes : Deft, Epok, Eva Rollin, Keymi, Lilooy, Maureen, Motte, Repy, Sirob, Snake2 et Waro.<\/p>\n\n\n\n<h3 class=\"wp-block-heading\">Horaire<\/h3>\n\n\n\n<p>Du 20 au 22 septembre : 10h\/19h<br>\nDu 23 au 27 septembre : 17h\/19h<\/p>\n\n\n\n<h2 class=\"wp-block-heading\">Reportage<\/h2>\n\n\n\n<p><iframe loading=\"lazy\" src=\"https:\/\/www.facebook.com\/plugins\/video.php?href=https%3A%2F%2Fwww.facebook.com%2Fclair.matin.568%2Fvideos%2F125525868813567%2F&amp;width=500&amp;show_text=false&amp;appId=191237774274185&amp;height=280\" width=\"500\" height=\"280\" style=\"border:none;overflow:hidden\" scrolling=\"no\" frameborder=\"0\" allowtransparency=\"true\" allow=\"encrypted-media\" allowfullscreen=\"true\"><\/iframe><\/p>\n\n\n\n<h2 class=\"wp-block-heading\">Affiche<\/h2>\n\n\n\n<figure class=\"wp-block-image\"><a href=\"https:\/\/www.endtoend.fr\/site\/wp-content\/uploads\/2019\/09\/graff-in.jpg\" data-rel=\"lightbox-gallery-jZdg73v4\" data-rl_title=\"\" data-rl_caption=\"\" title=\"\"><img loading=\"lazy\" decoding=\"async\" width=\"679\" height=\"960\" src=\"https:\/\/www.endtoend.fr\/site\/wp-content\/uploads\/2019\/09\/graff-in.jpg\" alt=\"exposition-graff-in-chamalieres-clair-matin\" class=\"wp-image-2793\"\/><\/a><\/figure>\n","protected":false},"excerpt":{"rendered":"<p>Graff In Aper\u00e7u de l&rsquo;exposition \u00e9ph\u00e9m\u00e8re Graffiti &amp; Street Art r\u00e9alis\u00e9 \u00e0 Chamali\u00e8res dans le foyer Clair-Matin avant sa destruction. \u21d2 Vernissage : vendredi 20 septembre &#8211; 17h30\/20h30 \u21d2 Visible du 20 septembre au 4 octobre 2019 au foyer Clair Matin \u21d2 14 Ter Avenue De Villars, 63400 Chamali\u00e8res. \u21d2 www.facebook.com\/events\/1082713241922497\/ Projet r\u00e9alis\u00e9 avec les [&hellip;]<\/p>\n","protected":false},"author":1,"featured_media":2792,"comment_status":"closed","ping_status":"closed","sticky":false,"template":"","format":"standard","meta":{"_uag_custom_page_level_css":"","footnotes":""},"categories":[94,1],"tags":[],"class_list":["post-2790","post","type-post","status-publish","format-standard","has-post-thumbnail","hentry","category-news","category-expositions"],"yoast_head":"<!-- This site is optimized with the Yoast SEO plugin v26.8 - https:\/\/yoast.com\/product\/yoast-seo-wordpress\/ -->\n<title>Exposition Graff-in | END TO END | Collectif d\u2019Artistes | Graffiti Street Art | Clermont-Ferrand<\/title>\n<meta name=\"description\" content=\"Aper\u00e7u de l&#039;exposition \u00e9ph\u00e9m\u00e8re Graffiti &amp; Street Art r\u00e9alis\u00e9 \u00e0 Chamali\u00e8res dans le foyer Clair-Matin avant sa destruction.\" \/>\n<meta name=\"robots\" content=\"index, follow, max-snippet:-1, max-image-preview:large, max-video-preview:-1\" \/>\n<link rel=\"canonical\" href=\"https:\/\/www.endtoend.fr\/site\/exposition-graff-in\/\" \/>\n<meta property=\"og:locale\" content=\"fr_FR\" \/>\n<meta property=\"og:type\" content=\"article\" \/>\n<meta property=\"og:title\" content=\"Exposition Graff-in | END TO END | Collectif d\u2019Artistes | Graffiti Street Art | Clermont-Ferrand\" \/>\n<meta property=\"og:description\" content=\"Aper\u00e7u de l&#039;exposition \u00e9ph\u00e9m\u00e8re Graffiti &amp; Street Art r\u00e9alis\u00e9 \u00e0 Chamali\u00e8res dans le foyer Clair-Matin avant sa destruction.\" \/>\n<meta property=\"og:url\" content=\"https:\/\/www.endtoend.fr\/site\/exposition-graff-in\/\" \/>\n<meta property=\"og:site_name\" content=\"END TO END | Collectif d\u2019Artistes | Graffiti Street Art | Clermont-Ferrand\" \/>\n<meta property=\"article:publisher\" content=\"https:\/\/www.facebook.com\/collectif.endtoend\" \/>\n<meta property=\"article:published_time\" content=\"2019-09-18T12:11:48+00:00\" \/>\n<meta property=\"article:modified_time\" content=\"2022-06-14T15:40:41+00:00\" \/>\n<meta property=\"og:image\" content=\"https:\/\/www.endtoend.fr\/site\/wp-content\/uploads\/2019\/09\/exposition-graff-in-chamalieres-clair-matin.jpg\" \/>\n\t<meta property=\"og:image:width\" content=\"600\" \/>\n\t<meta property=\"og:image:height\" content=\"600\" \/>\n\t<meta property=\"og:image:type\" content=\"image\/jpeg\" \/>\n<meta name=\"author\" content=\"ENDtoEND\" \/>\n<meta name=\"twitter:label1\" content=\"\u00c9crit par\" \/>\n\t<meta name=\"twitter:data1\" content=\"ENDtoEND\" \/>\n\t<meta name=\"twitter:label2\" content=\"Dur\u00e9e de lecture estim\u00e9e\" \/>\n\t<meta name=\"twitter:data2\" content=\"1 minute\" \/>\n<script type=\"application\/ld+json\" class=\"yoast-schema-graph\">{\"@context\":\"https:\/\/schema.org\",\"@graph\":[{\"@type\":\"Article\",\"@id\":\"https:\/\/www.endtoend.fr\/site\/exposition-graff-in\/#article\",\"isPartOf\":{\"@id\":\"https:\/\/www.endtoend.fr\/site\/exposition-graff-in\/\"},\"author\":{\"name\":\"ENDtoEND\",\"@id\":\"https:\/\/www.endtoend.fr\/site\/#\/schema\/person\/c41bbdf31473f32770fd47881070d793\"},\"headline\":\"Exposition Graff-in\",\"datePublished\":\"2019-09-18T12:11:48+00:00\",\"dateModified\":\"2022-06-14T15:40:41+00:00\",\"mainEntityOfPage\":{\"@id\":\"https:\/\/www.endtoend.fr\/site\/exposition-graff-in\/\"},\"wordCount\":90,\"publisher\":{\"@id\":\"https:\/\/www.endtoend.fr\/site\/#organization\"},\"image\":{\"@id\":\"https:\/\/www.endtoend.fr\/site\/exposition-graff-in\/#primaryimage\"},\"thumbnailUrl\":\"https:\/\/www.endtoend.fr\/site\/wp-content\/uploads\/2019\/09\/exposition-graff-in-chamalieres-clair-matin.jpg\",\"articleSection\":[\"Actualit\u00e9s\",\"Expositions\"],\"inLanguage\":\"fr-FR\"},{\"@type\":\"WebPage\",\"@id\":\"https:\/\/www.endtoend.fr\/site\/exposition-graff-in\/\",\"url\":\"https:\/\/www.endtoend.fr\/site\/exposition-graff-in\/\",\"name\":\"Exposition Graff-in | END TO END | Collectif d\u2019Artistes | Graffiti Street Art | Clermont-Ferrand\",\"isPartOf\":{\"@id\":\"https:\/\/www.endtoend.fr\/site\/#website\"},\"primaryImageOfPage\":{\"@id\":\"https:\/\/www.endtoend.fr\/site\/exposition-graff-in\/#primaryimage\"},\"image\":{\"@id\":\"https:\/\/www.endtoend.fr\/site\/exposition-graff-in\/#primaryimage\"},\"thumbnailUrl\":\"https:\/\/www.endtoend.fr\/site\/wp-content\/uploads\/2019\/09\/exposition-graff-in-chamalieres-clair-matin.jpg\",\"datePublished\":\"2019-09-18T12:11:48+00:00\",\"dateModified\":\"2022-06-14T15:40:41+00:00\",\"description\":\"Aper\u00e7u de l'exposition \u00e9ph\u00e9m\u00e8re Graffiti & Street Art r\u00e9alis\u00e9 \u00e0 Chamali\u00e8res dans le foyer Clair-Matin avant sa destruction.\",\"breadcrumb\":{\"@id\":\"https:\/\/www.endtoend.fr\/site\/exposition-graff-in\/#breadcrumb\"},\"inLanguage\":\"fr-FR\",\"potentialAction\":[{\"@type\":\"ReadAction\",\"target\":[\"https:\/\/www.endtoend.fr\/site\/exposition-graff-in\/\"]}]},{\"@type\":\"ImageObject\",\"inLanguage\":\"fr-FR\",\"@id\":\"https:\/\/www.endtoend.fr\/site\/exposition-graff-in\/#primaryimage\",\"url\":\"https:\/\/www.endtoend.fr\/site\/wp-content\/uploads\/2019\/09\/exposition-graff-in-chamalieres-clair-matin.jpg\",\"contentUrl\":\"https:\/\/www.endtoend.fr\/site\/wp-content\/uploads\/2019\/09\/exposition-graff-in-chamalieres-clair-matin.jpg\",\"width\":600,\"height\":600,\"caption\":\"affiche exposition graff in\"},{\"@type\":\"BreadcrumbList\",\"@id\":\"https:\/\/www.endtoend.fr\/site\/exposition-graff-in\/#breadcrumb\",\"itemListElement\":[{\"@type\":\"ListItem\",\"position\":1,\"name\":\"Home\",\"item\":\"https:\/\/www.endtoend.fr\/site\/\"},{\"@type\":\"ListItem\",\"position\":2,\"name\":\"Exposition Graff-in\"}]},{\"@type\":\"WebSite\",\"@id\":\"https:\/\/www.endtoend.fr\/site\/#website\",\"url\":\"https:\/\/www.endtoend.fr\/site\/\",\"name\":\"END TO END | Collectif d\u2019Artistes | Graffiti Street Art | Clermont-Ferrand\",\"description\":\"Association d&#039;Artistes Peintres Graffiti, r\u00e9alisation de fresques, d\u00e9corations, toiles et expositions. Clermont-Ferrand, Toulouse, Paris.\",\"publisher\":{\"@id\":\"https:\/\/www.endtoend.fr\/site\/#organization\"},\"potentialAction\":[{\"@type\":\"SearchAction\",\"target\":{\"@type\":\"EntryPoint\",\"urlTemplate\":\"https:\/\/www.endtoend.fr\/site\/?s={search_term_string}\"},\"query-input\":{\"@type\":\"PropertyValueSpecification\",\"valueRequired\":true,\"valueName\":\"search_term_string\"}}],\"inLanguage\":\"fr-FR\"},{\"@type\":\"Organization\",\"@id\":\"https:\/\/www.endtoend.fr\/site\/#organization\",\"name\":\"Collectif END to END\",\"url\":\"https:\/\/www.endtoend.fr\/site\/\",\"logo\":{\"@type\":\"ImageObject\",\"inLanguage\":\"fr-FR\",\"@id\":\"https:\/\/www.endtoend.fr\/site\/#\/schema\/logo\/image\/\",\"url\":\"https:\/\/www.endtoend.fr\/site\/wp-content\/uploads\/2022\/08\/end-to-end-graffiti-street-art-clermont-ferrand.jpg\",\"contentUrl\":\"https:\/\/www.endtoend.fr\/site\/wp-content\/uploads\/2022\/08\/end-to-end-graffiti-street-art-clermont-ferrand.jpg\",\"width\":1920,\"height\":1080,\"caption\":\"Collectif END to END\"},\"image\":{\"@id\":\"https:\/\/www.endtoend.fr\/site\/#\/schema\/logo\/image\/\"},\"sameAs\":[\"https:\/\/www.facebook.com\/collectif.endtoend\",\"https:\/\/x.com\/ENDtoEND_\",\"https:\/\/www.instagram.com\/end_to_end\/\",\"https:\/\/www.youtube.com\/user\/ENDtoENDgraffiti\"]},{\"@type\":\"Person\",\"@id\":\"https:\/\/www.endtoend.fr\/site\/#\/schema\/person\/c41bbdf31473f32770fd47881070d793\",\"name\":\"ENDtoEND\",\"url\":\"https:\/\/www.endtoend.fr\/site\/author\/endtoend-shop\/\"}]}<\/script>\n<!-- \/ Yoast SEO plugin. -->","yoast_head_json":{"title":"Exposition Graff-in | END TO END | Collectif d\u2019Artistes | Graffiti Street Art | Clermont-Ferrand","description":"Aper\u00e7u de l'exposition \u00e9ph\u00e9m\u00e8re Graffiti & Street Art r\u00e9alis\u00e9 \u00e0 Chamali\u00e8res dans le foyer Clair-Matin avant sa destruction.","robots":{"index":"index","follow":"follow","max-snippet":"max-snippet:-1","max-image-preview":"max-image-preview:large","max-video-preview":"max-video-preview:-1"},"canonical":"https:\/\/www.endtoend.fr\/site\/exposition-graff-in\/","og_locale":"fr_FR","og_type":"article","og_title":"Exposition Graff-in | END TO END | Collectif d\u2019Artistes | Graffiti Street Art | Clermont-Ferrand","og_description":"Aper\u00e7u de l'exposition \u00e9ph\u00e9m\u00e8re Graffiti & Street Art r\u00e9alis\u00e9 \u00e0 Chamali\u00e8res dans le foyer Clair-Matin avant sa destruction.","og_url":"https:\/\/www.endtoend.fr\/site\/exposition-graff-in\/","og_site_name":"END TO END | Collectif d\u2019Artistes | Graffiti Street Art | Clermont-Ferrand","article_publisher":"https:\/\/www.facebook.com\/collectif.endtoend","article_published_time":"2019-09-18T12:11:48+00:00","article_modified_time":"2022-06-14T15:40:41+00:00","og_image":[{"width":600,"height":600,"url":"https:\/\/www.endtoend.fr\/site\/wp-content\/uploads\/2019\/09\/exposition-graff-in-chamalieres-clair-matin.jpg","type":"image\/jpeg"}],"author":"ENDtoEND","twitter_misc":{"\u00c9crit par":"ENDtoEND","Dur\u00e9e de lecture estim\u00e9e":"1 minute"},"schema":{"@context":"https:\/\/schema.org","@graph":[{"@type":"Article","@id":"https:\/\/www.endtoend.fr\/site\/exposition-graff-in\/#article","isPartOf":{"@id":"https:\/\/www.endtoend.fr\/site\/exposition-graff-in\/"},"author":{"name":"ENDtoEND","@id":"https:\/\/www.endtoend.fr\/site\/#\/schema\/person\/c41bbdf31473f32770fd47881070d793"},"headline":"Exposition Graff-in","datePublished":"2019-09-18T12:11:48+00:00","dateModified":"2022-06-14T15:40:41+00:00","mainEntityOfPage":{"@id":"https:\/\/www.endtoend.fr\/site\/exposition-graff-in\/"},"wordCount":90,"publisher":{"@id":"https:\/\/www.endtoend.fr\/site\/#organization"},"image":{"@id":"https:\/\/www.endtoend.fr\/site\/exposition-graff-in\/#primaryimage"},"thumbnailUrl":"https:\/\/www.endtoend.fr\/site\/wp-content\/uploads\/2019\/09\/exposition-graff-in-chamalieres-clair-matin.jpg","articleSection":["Actualit\u00e9s","Expositions"],"inLanguage":"fr-FR"},{"@type":"WebPage","@id":"https:\/\/www.endtoend.fr\/site\/exposition-graff-in\/","url":"https:\/\/www.endtoend.fr\/site\/exposition-graff-in\/","name":"Exposition Graff-in | END TO END | Collectif d\u2019Artistes | Graffiti Street Art | Clermont-Ferrand","isPartOf":{"@id":"https:\/\/www.endtoend.fr\/site\/#website"},"primaryImageOfPage":{"@id":"https:\/\/www.endtoend.fr\/site\/exposition-graff-in\/#primaryimage"},"image":{"@id":"https:\/\/www.endtoend.fr\/site\/exposition-graff-in\/#primaryimage"},"thumbnailUrl":"https:\/\/www.endtoend.fr\/site\/wp-content\/uploads\/2019\/09\/exposition-graff-in-chamalieres-clair-matin.jpg","datePublished":"2019-09-18T12:11:48+00:00","dateModified":"2022-06-14T15:40:41+00:00","description":"Aper\u00e7u de l'exposition \u00e9ph\u00e9m\u00e8re Graffiti & Street Art r\u00e9alis\u00e9 \u00e0 Chamali\u00e8res dans le foyer Clair-Matin avant sa destruction.","breadcrumb":{"@id":"https:\/\/www.endtoend.fr\/site\/exposition-graff-in\/#breadcrumb"},"inLanguage":"fr-FR","potentialAction":[{"@type":"ReadAction","target":["https:\/\/www.endtoend.fr\/site\/exposition-graff-in\/"]}]},{"@type":"ImageObject","inLanguage":"fr-FR","@id":"https:\/\/www.endtoend.fr\/site\/exposition-graff-in\/#primaryimage","url":"https:\/\/www.endtoend.fr\/site\/wp-content\/uploads\/2019\/09\/exposition-graff-in-chamalieres-clair-matin.jpg","contentUrl":"https:\/\/www.endtoend.fr\/site\/wp-content\/uploads\/2019\/09\/exposition-graff-in-chamalieres-clair-matin.jpg","width":600,"height":600,"caption":"affiche exposition graff in"},{"@type":"BreadcrumbList","@id":"https:\/\/www.endtoend.fr\/site\/exposition-graff-in\/#breadcrumb","itemListElement":[{"@type":"ListItem","position":1,"name":"Home","item":"https:\/\/www.endtoend.fr\/site\/"},{"@type":"ListItem","position":2,"name":"Exposition Graff-in"}]},{"@type":"WebSite","@id":"https:\/\/www.endtoend.fr\/site\/#website","url":"https:\/\/www.endtoend.fr\/site\/","name":"END TO END | Collectif d\u2019Artistes | Graffiti Street Art | Clermont-Ferrand","description":"Association d&#039;Artistes Peintres Graffiti, r\u00e9alisation de fresques, d\u00e9corations, toiles et expositions. Clermont-Ferrand, Toulouse, Paris.","publisher":{"@id":"https:\/\/www.endtoend.fr\/site\/#organization"},"potentialAction":[{"@type":"SearchAction","target":{"@type":"EntryPoint","urlTemplate":"https:\/\/www.endtoend.fr\/site\/?s={search_term_string}"},"query-input":{"@type":"PropertyValueSpecification","valueRequired":true,"valueName":"search_term_string"}}],"inLanguage":"fr-FR"},{"@type":"Organization","@id":"https:\/\/www.endtoend.fr\/site\/#organization","name":"Collectif END to END","url":"https:\/\/www.endtoend.fr\/site\/","logo":{"@type":"ImageObject","inLanguage":"fr-FR","@id":"https:\/\/www.endtoend.fr\/site\/#\/schema\/logo\/image\/","url":"https:\/\/www.endtoend.fr\/site\/wp-content\/uploads\/2022\/08\/end-to-end-graffiti-street-art-clermont-ferrand.jpg","contentUrl":"https:\/\/www.endtoend.fr\/site\/wp-content\/uploads\/2022\/08\/end-to-end-graffiti-street-art-clermont-ferrand.jpg","width":1920,"height":1080,"caption":"Collectif END to END"},"image":{"@id":"https:\/\/www.endtoend.fr\/site\/#\/schema\/logo\/image\/"},"sameAs":["https:\/\/www.facebook.com\/collectif.endtoend","https:\/\/x.com\/ENDtoEND_","https:\/\/www.instagram.com\/end_to_end\/","https:\/\/www.youtube.com\/user\/ENDtoENDgraffiti"]},{"@type":"Person","@id":"https:\/\/www.endtoend.fr\/site\/#\/schema\/person\/c41bbdf31473f32770fd47881070d793","name":"ENDtoEND","url":"https:\/\/www.endtoend.fr\/site\/author\/endtoend-shop\/"}]}},"uagb_featured_image_src":{"full":["https:\/\/www.endtoend.fr\/site\/wp-content\/uploads\/2019\/09\/exposition-graff-in-chamalieres-clair-matin.jpg",600,600,false],"thumbnail":["https:\/\/www.endtoend.fr\/site\/wp-content\/uploads\/2019\/09\/exposition-graff-in-chamalieres-clair-matin-300x300.jpg",300,300,true],"medium":["https:\/\/www.endtoend.fr\/site\/wp-content\/uploads\/2019\/09\/exposition-graff-in-chamalieres-clair-matin.jpg",600,600,false],"medium_large":["https:\/\/www.endtoend.fr\/site\/wp-content\/uploads\/2019\/09\/exposition-graff-in-chamalieres-clair-matin.jpg",600,600,false],"large":["https:\/\/www.endtoend.fr\/site\/wp-content\/uploads\/2019\/09\/exposition-graff-in-chamalieres-clair-matin.jpg",600,600,false],"1536x1536":["https:\/\/www.endtoend.fr\/site\/wp-content\/uploads\/2019\/09\/exposition-graff-in-chamalieres-clair-matin.jpg",600,600,false],"2048x2048":["https:\/\/www.endtoend.fr\/site\/wp-content\/uploads\/2019\/09\/exposition-graff-in-chamalieres-clair-matin.jpg",600,600,false]},"uagb_author_info":{"display_name":"ENDtoEND","author_link":"https:\/\/www.endtoend.fr\/site\/author\/endtoend-shop\/"},"uagb_comment_info":0,"uagb_excerpt":"Graff In Aper\u00e7u de l&rsquo;exposition \u00e9ph\u00e9m\u00e8re Graffiti &amp; Street Art r\u00e9alis\u00e9 \u00e0 Chamali\u00e8res dans le foyer Clair-Matin avant sa destruction. \u21d2 Vernissage : vendredi 20 septembre &#8211; 17h30\/20h30 \u21d2 Visible du 20 septembre au 4 octobre 2019 au foyer Clair Matin \u21d2 14 Ter Avenue De Villars, 63400 Chamali\u00e8res. \u21d2 www.facebook.com\/events\/1082713241922497\/ Projet r\u00e9alis\u00e9 avec les\u2026","_links":{"self":[{"href":"https:\/\/www.endtoend.fr\/site\/wp-json\/wp\/v2\/posts\/2790","targetHints":{"allow":["GET"]}}],"collection":[{"href":"https:\/\/www.endtoend.fr\/site\/wp-json\/wp\/v2\/posts"}],"about":[{"href":"https:\/\/www.endtoend.fr\/site\/wp-json\/wp\/v2\/types\/post"}],"author":[{"embeddable":true,"href":"https:\/\/www.endtoend.fr\/site\/wp-json\/wp\/v2\/users\/1"}],"replies":[{"embeddable":true,"href":"https:\/\/www.endtoend.fr\/site\/wp-json\/wp\/v2\/comments?post=2790"}],"version-history":[{"count":0,"href":"https:\/\/www.endtoend.fr\/site\/wp-json\/wp\/v2\/posts\/2790\/revisions"}],"wp:featuredmedia":[{"embeddable":true,"href":"https:\/\/www.endtoend.fr\/site\/wp-json\/wp\/v2\/media\/2792"}],"wp:attachment":[{"href":"https:\/\/www.endtoend.fr\/site\/wp-json\/wp\/v2\/media?parent=2790"}],"wp:term":[{"taxonomy":"category","embeddable":true,"href":"https:\/\/www.endtoend.fr\/site\/wp-json\/wp\/v2\/categories?post=2790"},{"taxonomy":"post_tag","embeddable":true,"href":"https:\/\/www.endtoend.fr\/site\/wp-json\/wp\/v2\/tags?post=2790"}],"curies":[{"name":"wp","href":"https:\/\/api.w.org\/{rel}","templated":true}]}}