{"id":2747,"date":"2019-06-19T10:01:57","date_gmt":"2019-06-19T09:01:57","guid":{"rendered":"https:\/\/www.endtoend.fr\/site\/?p=2747"},"modified":"2022-09-07T17:25:06","modified_gmt":"2022-09-07T16:25:06","slug":"aeroport-clermont","status":"publish","type":"post","link":"https:\/\/www.endtoend.fr\/site\/aeroport-clermont\/","title":{"rendered":"A\u00e9roport Clermont"},"content":{"rendered":"\n<div class=\"wp-block-columns is-layout-flex wp-container-core-columns-is-layout-1 wp-block-columns-is-layout-flex\">\n<div class=\"wp-block-column is-vertically-aligned-center is-layout-flow wp-block-column-is-layout-flow\">\n<h2 class=\"has-x-large-font-size wp-block-heading\" style=\"font-style:normal;font-weight:500;text-transform:uppercase\">Peinture en soute<\/h2>\n\n\n\n<p>En 2018, le projet de r\u00e9aliser des fresques street-art dans l\u2019<strong>a\u00e9roport de Clermont-Ferrand<\/strong> se lance. Mai 2019, apr\u00e8s plusieurs semaines d&rsquo;organisation et une <strong>formation <\/strong>pour circuler dans la <strong>zone de s\u00fbret\u00e9<\/strong> \u00e0 acc\u00e8s r\u00e9glement\u00e9e (zsar), les artistes du collectif <strong>END to END <\/strong>ont pu s&rsquo;exprimer sur les grands murs de la partie bagage de l&rsquo;a\u00e9roport.<\/p>\n<\/div>\n\n\n\n<div class=\"wp-block-column is-layout-flow wp-block-column-is-layout-flow\">\n<p><iframe loading=\"lazy\" style=\"border: none; overflow: hidden;\" src=\"https:\/\/www.facebook.com\/plugins\/video.php?href=https%3A%2F%2Fwww.facebook.com%2Fcollectif.endtoend%2Fvideos%2F606352753195009%2F&amp;show_text=0&amp;width=560\" width=\"560\" height=\"315\" frameborder=\"0\" scrolling=\"no\" allowfullscreen=\"allowfullscreen\"><\/iframe><\/p>\n<\/div>\n<\/div>\n\n\n\n<h2 class=\"wp-block-heading\" style=\"font-style:normal;font-weight:500;text-transform:uppercase\">Repy<\/h2>\n\n\n\n<p>Le portraitiste s&rsquo;est inspir\u00e9 de la destination Clermont(Cfe)-Marrakech(Rak) pour r\u00e9aliser une aviatrice entour\u00e9e de dunes et ins\u00e9r\u00e9e dans les lettres RAK.<\/p>\n\n\n\n<p>Repy sur instagram :  <a rel=\"noreferrer noopener\" aria-label=\" (s\u2019ouvre dans un nouvel onglet)\" href=\"https:\/\/www.instagram.com\/repy_one\/\" target=\"_blank\">repy_one<\/a><\/p>\n\n\n\n<figure class=\"wp-block-image\"><a href=\"https:\/\/www.endtoend.fr\/site\/wp-content\/uploads\/2019\/06\/aeroport-2019-9298-scaled.jpg\" data-rel=\"lightbox-gallery-fAZTskz7\" data-rl_title=\"\" data-rl_caption=\"\" title=\"\"><img loading=\"lazy\" decoding=\"async\" width=\"1200\" height=\"800\" src=\"https:\/\/www.endtoend.fr\/site\/wp-content\/uploads\/2019\/06\/aeroport-2019-9298-1200x800.jpg\" alt=\"fresque-aviateur-street-art\" class=\"wp-image-2748\" srcset=\"https:\/\/www.endtoend.fr\/site\/wp-content\/uploads\/2019\/06\/aeroport-2019-9298-1200x800.jpg 1200w, https:\/\/www.endtoend.fr\/site\/wp-content\/uploads\/2019\/06\/aeroport-2019-9298-1280x853.jpg 1280w, https:\/\/www.endtoend.fr\/site\/wp-content\/uploads\/2019\/06\/aeroport-2019-9298-1000x667.jpg 1000w, https:\/\/www.endtoend.fr\/site\/wp-content\/uploads\/2019\/06\/aeroport-2019-9298-768x512.jpg 768w\" sizes=\"auto, (max-width: 1200px) 100vw, 1200px\" \/><\/a><\/figure>\n\n\n\n<h2 class=\"wp-block-heading\" style=\"font-style:normal;font-weight:500;text-transform:uppercase\">DEFT<\/h2>\n\n\n\n<p>Le graffeur propose un univers cosmique avec le Concorde, avion mythique des ann\u00e9es 70\/90, entour\u00e9 des destinations propos\u00e9es par l&rsquo;a\u00e9roport de Clermont-Fd :  Dubrovnik (Dub) et Amsterdam (Ams).<\/p>\n\n\n\n<p>Deft sur instagram : <a rel=\"noreferrer noopener\" aria-label=\" (s\u2019ouvre dans un nouvel onglet)\" href=\"https:\/\/www.instagram.com\/defterz\/\" target=\"_blank\">defterz<\/a><\/p>\n\n\n\n<figure class=\"wp-block-image\"><a href=\"https:\/\/www.endtoend.fr\/site\/wp-content\/uploads\/2019\/06\/aeroport-2019-9287-scaled.jpg\" data-rel=\"lightbox-gallery-fAZTskz7\" data-rl_title=\"\" data-rl_caption=\"\" title=\"\"><img loading=\"lazy\" decoding=\"async\" width=\"1200\" height=\"800\" src=\"https:\/\/www.endtoend.fr\/site\/wp-content\/uploads\/2019\/06\/aeroport-2019-9287-1200x800.jpg\" alt=\"artiste-Deft-fresque-concorde-street-art\" class=\"wp-image-2749\" srcset=\"https:\/\/www.endtoend.fr\/site\/wp-content\/uploads\/2019\/06\/aeroport-2019-9287-1200x800.jpg 1200w, https:\/\/www.endtoend.fr\/site\/wp-content\/uploads\/2019\/06\/aeroport-2019-9287-1000x667.jpg 1000w, https:\/\/www.endtoend.fr\/site\/wp-content\/uploads\/2019\/06\/aeroport-2019-9287-768x512.jpg 768w, https:\/\/www.endtoend.fr\/site\/wp-content\/uploads\/2019\/06\/aeroport-2019-9287-1536x1024.jpg 1536w, https:\/\/www.endtoend.fr\/site\/wp-content\/uploads\/2019\/06\/aeroport-2019-9287-2048x1365.jpg 2048w, https:\/\/www.endtoend.fr\/site\/wp-content\/uploads\/2019\/06\/aeroport-2019-9287-1280x853.jpg 1280w\" sizes=\"auto, (max-width: 1200px) 100vw, 1200px\" \/><\/a><\/figure>\n\n\n\n<figure class=\"wp-block-image\"><a href=\"https:\/\/www.endtoend.fr\/site\/wp-content\/uploads\/2019\/06\/deft-avion-concorde-scaled.jpg\" data-rel=\"lightbox-gallery-fAZTskz7\" data-rl_title=\"\" data-rl_caption=\"\" title=\"\"><img loading=\"lazy\" decoding=\"async\" width=\"1200\" height=\"411\" src=\"https:\/\/www.endtoend.fr\/site\/wp-content\/uploads\/2019\/06\/deft-avion-concorde-1200x411.jpg\" alt=\"artiste-Deft-fresque-concorde-street-art\" class=\"wp-image-2751\" srcset=\"https:\/\/www.endtoend.fr\/site\/wp-content\/uploads\/2019\/06\/deft-avion-concorde-1200x411.jpg 1200w, https:\/\/www.endtoend.fr\/site\/wp-content\/uploads\/2019\/06\/deft-avion-concorde-1280x439.jpg 1280w, https:\/\/www.endtoend.fr\/site\/wp-content\/uploads\/2019\/06\/deft-avion-concorde-1000x343.jpg 1000w, https:\/\/www.endtoend.fr\/site\/wp-content\/uploads\/2019\/06\/deft-avion-concorde-768x263.jpg 768w\" sizes=\"auto, (max-width: 1200px) 100vw, 1200px\" \/><\/a><\/figure>\n\n\n\n<h2 class=\"wp-block-heading\" style=\"font-style:normal;font-weight:500;text-transform:uppercase\">Waro<\/h2>\n\n\n\n<p>L&rsquo;artiste propose une peinture murale avec des avions \u00e0 h\u00e9lice du type Breguet 14 dans un d\u00e9cors inspir\u00e9 de la Cha\u00eene des Puys Auvergnate. Au centre le codes aita CFE d\u00e9signant l&rsquo;a\u00e9roport de Clermont-Ferrand. <\/p>\n\n\n\n<p>Waro sur instagram : <a rel=\"noreferrer noopener\" aria-label=\" (s\u2019ouvre dans un nouvel onglet)\" href=\"https:\/\/www.instagram.com\/waroner\/\" target=\"_blank\">waroner<\/a><\/p>\n\n\n\n<figure class=\"wp-block-image\"><a href=\"https:\/\/www.endtoend.fr\/site\/wp-content\/uploads\/2019\/06\/waro-wip.jpg\" data-rel=\"lightbox-gallery-fAZTskz7\" data-rl_title=\"\" data-rl_caption=\"\" title=\"\"><img loading=\"lazy\" decoding=\"async\" width=\"1200\" height=\"800\" src=\"https:\/\/www.endtoend.fr\/site\/wp-content\/uploads\/2019\/06\/waro-wip-1200x800.jpg\" alt=\"avion-helice-street-art\" class=\"wp-image-2752\" srcset=\"https:\/\/www.endtoend.fr\/site\/wp-content\/uploads\/2019\/06\/waro-wip-1200x800.jpg 1200w, https:\/\/www.endtoend.fr\/site\/wp-content\/uploads\/2019\/06\/waro-wip-1280x853.jpg 1280w, https:\/\/www.endtoend.fr\/site\/wp-content\/uploads\/2019\/06\/waro-wip-1000x667.jpg 1000w, https:\/\/www.endtoend.fr\/site\/wp-content\/uploads\/2019\/06\/waro-wip-768x512.jpg 768w, https:\/\/www.endtoend.fr\/site\/wp-content\/uploads\/2019\/06\/waro-wip.jpg 2000w\" sizes=\"auto, (max-width: 1200px) 100vw, 1200px\" \/><\/a><\/figure>\n\n\n\n<figure class=\"wp-block-image\"><a href=\"https:\/\/www.endtoend.fr\/site\/wp-content\/uploads\/2019\/06\/waro-fresque-scaled.jpg\" data-rel=\"lightbox-gallery-fAZTskz7\" data-rl_title=\"\" data-rl_caption=\"\" title=\"\"><img loading=\"lazy\" decoding=\"async\" width=\"1200\" height=\"290\" src=\"https:\/\/www.endtoend.fr\/site\/wp-content\/uploads\/2019\/06\/waro-fresque-1200x290.jpg\" alt=\"avion-helice-street-art\" class=\"wp-image-2753\" srcset=\"https:\/\/www.endtoend.fr\/site\/wp-content\/uploads\/2019\/06\/waro-fresque-1200x290.jpg 1200w, https:\/\/www.endtoend.fr\/site\/wp-content\/uploads\/2019\/06\/waro-fresque-1280x309.jpg 1280w, https:\/\/www.endtoend.fr\/site\/wp-content\/uploads\/2019\/06\/waro-fresque-1000x242.jpg 1000w, https:\/\/www.endtoend.fr\/site\/wp-content\/uploads\/2019\/06\/waro-fresque-768x186.jpg 768w\" sizes=\"auto, (max-width: 1200px) 100vw, 1200px\" \/><\/a><\/figure>\n\n\n\n<h2 class=\"wp-block-heading\" style=\"font-style:normal;font-weight:500;text-transform:uppercase\">EPOK<\/h2>\n\n\n\n<p>Le peintre a choisi de r\u00e9aliser une carte postale du paysage de Lisbonne, autre destination propos\u00e9e par l&rsquo;a\u00e9roport en int\u00e9grant un avion de type DC3.<\/p>\n\n\n\n<p>Epok sur instagram :  <a rel=\"noreferrer noopener\" aria-label=\" (s\u2019ouvre dans un nouvel onglet)\" href=\"https:\/\/www.instagram.com\/pablopokito\/\" target=\"_blank\">pablopokito<\/a><\/p>\n\n\n\n<figure class=\"wp-block-image\"><a href=\"https:\/\/www.endtoend.fr\/site\/wp-content\/uploads\/2019\/06\/epok-avion-2.jpg\" data-rel=\"lightbox-gallery-fAZTskz7\" data-rl_title=\"\" data-rl_caption=\"\" title=\"\"><img loading=\"lazy\" decoding=\"async\" width=\"1200\" height=\"592\" src=\"https:\/\/www.endtoend.fr\/site\/wp-content\/uploads\/2019\/06\/epok-avion-2-1200x592.jpg\" alt=\"epok-fresque-lisbonne-street-art\" class=\"wp-image-2755\" srcset=\"https:\/\/www.endtoend.fr\/site\/wp-content\/uploads\/2019\/06\/epok-avion-2-1200x592.jpg 1200w, https:\/\/www.endtoend.fr\/site\/wp-content\/uploads\/2019\/06\/epok-avion-2-1280x631.jpg 1280w, https:\/\/www.endtoend.fr\/site\/wp-content\/uploads\/2019\/06\/epok-avion-2-1000x493.jpg 1000w, https:\/\/www.endtoend.fr\/site\/wp-content\/uploads\/2019\/06\/epok-avion-2-768x379.jpg 768w, https:\/\/www.endtoend.fr\/site\/wp-content\/uploads\/2019\/06\/epok-avion-2.jpg 2028w\" sizes=\"auto, (max-width: 1200px) 100vw, 1200px\" \/><\/a><\/figure>\n\n\n\n<figure class=\"wp-block-image\"><a href=\"https:\/\/www.endtoend.fr\/site\/wp-content\/uploads\/2019\/06\/epok-avion-1.jpg\" data-rel=\"lightbox-gallery-fAZTskz7\" data-rl_title=\"\" data-rl_caption=\"\" title=\"\"><img loading=\"lazy\" decoding=\"async\" width=\"1200\" height=\"600\" src=\"https:\/\/www.endtoend.fr\/site\/wp-content\/uploads\/2019\/06\/epok-avion-1-1200x600.jpg\" alt=\"epok-fresque-lisbonne-street-art\" class=\"wp-image-2754\" srcset=\"https:\/\/www.endtoend.fr\/site\/wp-content\/uploads\/2019\/06\/epok-avion-1-1200x600.jpg 1200w, https:\/\/www.endtoend.fr\/site\/wp-content\/uploads\/2019\/06\/epok-avion-1-1280x640.jpg 1280w, https:\/\/www.endtoend.fr\/site\/wp-content\/uploads\/2019\/06\/epok-avion-1-1000x500.jpg 1000w, https:\/\/www.endtoend.fr\/site\/wp-content\/uploads\/2019\/06\/epok-avion-1-768x384.jpg 768w\" sizes=\"auto, (max-width: 1200px) 100vw, 1200px\" \/><\/a><\/figure>\n","protected":false},"excerpt":{"rendered":"<p>Peinture en soute En 2018, le projet de r\u00e9aliser des fresques street-art dans l\u2019a\u00e9roport de Clermont-Ferrand se lance. Mai 2019, apr\u00e8s plusieurs semaines d&rsquo;organisation et une formation pour circuler dans la zone de s\u00fbret\u00e9 \u00e0 acc\u00e8s r\u00e9glement\u00e9e (zsar), les artistes du collectif END to END ont pu s&rsquo;exprimer sur les grands murs de la partie [&hellip;]<\/p>\n","protected":false},"author":1,"featured_media":2750,"comment_status":"closed","ping_status":"closed","sticky":false,"template":"","format":"standard","meta":{"_uag_custom_page_level_css":"","footnotes":""},"categories":[208,317,71],"tags":[],"class_list":["post-2747","post","type-post","status-publish","format-standard","has-post-thumbnail","hentry","category-street-art","category-projets","category-videos"],"yoast_head":"<!-- This site is optimized with the Yoast SEO plugin v26.8 - https:\/\/yoast.com\/product\/yoast-seo-wordpress\/ -->\n<title>A\u00e9roport de Clermont-Ferrand | END to END | Graffiti | Street Art<\/title>\n<meta name=\"description\" content=\"Fresques Street Art r\u00e9alis\u00e9es par ENDtoEND dans la zone bagage de l&#039;a\u00e9roport de Clermont-Ferrand, par les artistes Repy, Waro, Epok et Deft.\" \/>\n<meta name=\"robots\" content=\"index, follow, max-snippet:-1, max-image-preview:large, max-video-preview:-1\" \/>\n<link rel=\"canonical\" href=\"https:\/\/www.endtoend.fr\/site\/aeroport-clermont\/\" \/>\n<meta property=\"og:locale\" content=\"fr_FR\" \/>\n<meta property=\"og:type\" content=\"article\" \/>\n<meta property=\"og:title\" content=\"A\u00e9roport de Clermont-Ferrand | END to END | Graffiti | Street Art\" \/>\n<meta property=\"og:description\" content=\"Fresques Street Art r\u00e9alis\u00e9es par ENDtoEND dans la zone bagage de l&#039;a\u00e9roport de Clermont-Ferrand, par les artistes Repy, Waro, Epok et Deft.\" \/>\n<meta property=\"og:url\" content=\"https:\/\/www.endtoend.fr\/site\/aeroport-clermont\/\" \/>\n<meta property=\"og:site_name\" content=\"END TO END | Collectif d\u2019Artistes | Graffiti Street Art | Clermont-Ferrand\" \/>\n<meta property=\"article:publisher\" content=\"https:\/\/www.facebook.com\/collectif.endtoend\" \/>\n<meta property=\"article:published_time\" content=\"2019-06-19T09:01:57+00:00\" \/>\n<meta property=\"article:modified_time\" content=\"2022-09-07T16:25:06+00:00\" \/>\n<meta property=\"og:image\" content=\"https:\/\/www.endtoend.fr\/site\/wp-content\/uploads\/2019\/06\/aeroport-clermont-street-art.jpg\" \/>\n\t<meta property=\"og:image:width\" content=\"600\" \/>\n\t<meta property=\"og:image:height\" content=\"600\" \/>\n\t<meta property=\"og:image:type\" content=\"image\/jpeg\" \/>\n<meta name=\"author\" content=\"ENDtoEND\" \/>\n<meta name=\"twitter:label1\" content=\"\u00c9crit par\" \/>\n\t<meta name=\"twitter:data1\" content=\"ENDtoEND\" \/>\n\t<meta name=\"twitter:label2\" content=\"Dur\u00e9e de lecture estim\u00e9e\" \/>\n\t<meta name=\"twitter:data2\" content=\"3 minutes\" \/>\n<script type=\"application\/ld+json\" class=\"yoast-schema-graph\">{\"@context\":\"https:\/\/schema.org\",\"@graph\":[{\"@type\":\"Article\",\"@id\":\"https:\/\/www.endtoend.fr\/site\/aeroport-clermont\/#article\",\"isPartOf\":{\"@id\":\"https:\/\/www.endtoend.fr\/site\/aeroport-clermont\/\"},\"author\":{\"name\":\"ENDtoEND\",\"@id\":\"https:\/\/www.endtoend.fr\/site\/#\/schema\/person\/c41bbdf31473f32770fd47881070d793\"},\"headline\":\"A\u00e9roport Clermont\",\"datePublished\":\"2019-06-19T09:01:57+00:00\",\"dateModified\":\"2022-09-07T16:25:06+00:00\",\"mainEntityOfPage\":{\"@id\":\"https:\/\/www.endtoend.fr\/site\/aeroport-clermont\/\"},\"wordCount\":219,\"publisher\":{\"@id\":\"https:\/\/www.endtoend.fr\/site\/#organization\"},\"image\":{\"@id\":\"https:\/\/www.endtoend.fr\/site\/aeroport-clermont\/#primaryimage\"},\"thumbnailUrl\":\"https:\/\/www.endtoend.fr\/site\/wp-content\/uploads\/2019\/06\/aeroport-clermont-street-art.jpg\",\"articleSection\":[\"Graffiti\",\"Projets\",\"Vid\u00e9os\"],\"inLanguage\":\"fr-FR\"},{\"@type\":\"WebPage\",\"@id\":\"https:\/\/www.endtoend.fr\/site\/aeroport-clermont\/\",\"url\":\"https:\/\/www.endtoend.fr\/site\/aeroport-clermont\/\",\"name\":\"A\u00e9roport de Clermont-Ferrand | END to END | Graffiti | Street Art\",\"isPartOf\":{\"@id\":\"https:\/\/www.endtoend.fr\/site\/#website\"},\"primaryImageOfPage\":{\"@id\":\"https:\/\/www.endtoend.fr\/site\/aeroport-clermont\/#primaryimage\"},\"image\":{\"@id\":\"https:\/\/www.endtoend.fr\/site\/aeroport-clermont\/#primaryimage\"},\"thumbnailUrl\":\"https:\/\/www.endtoend.fr\/site\/wp-content\/uploads\/2019\/06\/aeroport-clermont-street-art.jpg\",\"datePublished\":\"2019-06-19T09:01:57+00:00\",\"dateModified\":\"2022-09-07T16:25:06+00:00\",\"description\":\"Fresques Street Art r\u00e9alis\u00e9es par ENDtoEND dans la zone bagage de l'a\u00e9roport de Clermont-Ferrand, par les artistes Repy, Waro, Epok et Deft.\",\"breadcrumb\":{\"@id\":\"https:\/\/www.endtoend.fr\/site\/aeroport-clermont\/#breadcrumb\"},\"inLanguage\":\"fr-FR\",\"potentialAction\":[{\"@type\":\"ReadAction\",\"target\":[\"https:\/\/www.endtoend.fr\/site\/aeroport-clermont\/\"]}]},{\"@type\":\"ImageObject\",\"inLanguage\":\"fr-FR\",\"@id\":\"https:\/\/www.endtoend.fr\/site\/aeroport-clermont\/#primaryimage\",\"url\":\"https:\/\/www.endtoend.fr\/site\/wp-content\/uploads\/2019\/06\/aeroport-clermont-street-art.jpg\",\"contentUrl\":\"https:\/\/www.endtoend.fr\/site\/wp-content\/uploads\/2019\/06\/aeroport-clermont-street-art.jpg\",\"width\":600,\"height\":600,\"caption\":\"projet-fresque-aeroport-clermont-street-art\"},{\"@type\":\"BreadcrumbList\",\"@id\":\"https:\/\/www.endtoend.fr\/site\/aeroport-clermont\/#breadcrumb\",\"itemListElement\":[{\"@type\":\"ListItem\",\"position\":1,\"name\":\"Home\",\"item\":\"https:\/\/www.endtoend.fr\/site\/\"},{\"@type\":\"ListItem\",\"position\":2,\"name\":\"A\u00e9roport Clermont\"}]},{\"@type\":\"WebSite\",\"@id\":\"https:\/\/www.endtoend.fr\/site\/#website\",\"url\":\"https:\/\/www.endtoend.fr\/site\/\",\"name\":\"END TO END | Collectif d\u2019Artistes | Graffiti Street Art | Clermont-Ferrand\",\"description\":\"Association d&#039;Artistes Peintres Graffiti, r\u00e9alisation de fresques, d\u00e9corations, toiles et expositions. Clermont-Ferrand, Toulouse, Paris.\",\"publisher\":{\"@id\":\"https:\/\/www.endtoend.fr\/site\/#organization\"},\"potentialAction\":[{\"@type\":\"SearchAction\",\"target\":{\"@type\":\"EntryPoint\",\"urlTemplate\":\"https:\/\/www.endtoend.fr\/site\/?s={search_term_string}\"},\"query-input\":{\"@type\":\"PropertyValueSpecification\",\"valueRequired\":true,\"valueName\":\"search_term_string\"}}],\"inLanguage\":\"fr-FR\"},{\"@type\":\"Organization\",\"@id\":\"https:\/\/www.endtoend.fr\/site\/#organization\",\"name\":\"Collectif END to END\",\"url\":\"https:\/\/www.endtoend.fr\/site\/\",\"logo\":{\"@type\":\"ImageObject\",\"inLanguage\":\"fr-FR\",\"@id\":\"https:\/\/www.endtoend.fr\/site\/#\/schema\/logo\/image\/\",\"url\":\"https:\/\/www.endtoend.fr\/site\/wp-content\/uploads\/2022\/08\/end-to-end-graffiti-street-art-clermont-ferrand.jpg\",\"contentUrl\":\"https:\/\/www.endtoend.fr\/site\/wp-content\/uploads\/2022\/08\/end-to-end-graffiti-street-art-clermont-ferrand.jpg\",\"width\":1920,\"height\":1080,\"caption\":\"Collectif END to END\"},\"image\":{\"@id\":\"https:\/\/www.endtoend.fr\/site\/#\/schema\/logo\/image\/\"},\"sameAs\":[\"https:\/\/www.facebook.com\/collectif.endtoend\",\"https:\/\/x.com\/ENDtoEND_\",\"https:\/\/www.instagram.com\/end_to_end\/\",\"https:\/\/www.youtube.com\/user\/ENDtoENDgraffiti\"]},{\"@type\":\"Person\",\"@id\":\"https:\/\/www.endtoend.fr\/site\/#\/schema\/person\/c41bbdf31473f32770fd47881070d793\",\"name\":\"ENDtoEND\",\"url\":\"https:\/\/www.endtoend.fr\/site\/author\/endtoend-shop\/\"}]}<\/script>\n<!-- \/ Yoast SEO plugin. -->","yoast_head_json":{"title":"A\u00e9roport de Clermont-Ferrand | END to END | Graffiti | Street Art","description":"Fresques Street Art r\u00e9alis\u00e9es par ENDtoEND dans la zone bagage de l'a\u00e9roport de Clermont-Ferrand, par les artistes Repy, Waro, Epok et Deft.","robots":{"index":"index","follow":"follow","max-snippet":"max-snippet:-1","max-image-preview":"max-image-preview:large","max-video-preview":"max-video-preview:-1"},"canonical":"https:\/\/www.endtoend.fr\/site\/aeroport-clermont\/","og_locale":"fr_FR","og_type":"article","og_title":"A\u00e9roport de Clermont-Ferrand | END to END | Graffiti | Street Art","og_description":"Fresques Street Art r\u00e9alis\u00e9es par ENDtoEND dans la zone bagage de l'a\u00e9roport de Clermont-Ferrand, par les artistes Repy, Waro, Epok et Deft.","og_url":"https:\/\/www.endtoend.fr\/site\/aeroport-clermont\/","og_site_name":"END TO END | Collectif d\u2019Artistes | Graffiti Street Art | Clermont-Ferrand","article_publisher":"https:\/\/www.facebook.com\/collectif.endtoend","article_published_time":"2019-06-19T09:01:57+00:00","article_modified_time":"2022-09-07T16:25:06+00:00","og_image":[{"width":600,"height":600,"url":"https:\/\/www.endtoend.fr\/site\/wp-content\/uploads\/2019\/06\/aeroport-clermont-street-art.jpg","type":"image\/jpeg"}],"author":"ENDtoEND","twitter_misc":{"\u00c9crit par":"ENDtoEND","Dur\u00e9e de lecture estim\u00e9e":"3 minutes"},"schema":{"@context":"https:\/\/schema.org","@graph":[{"@type":"Article","@id":"https:\/\/www.endtoend.fr\/site\/aeroport-clermont\/#article","isPartOf":{"@id":"https:\/\/www.endtoend.fr\/site\/aeroport-clermont\/"},"author":{"name":"ENDtoEND","@id":"https:\/\/www.endtoend.fr\/site\/#\/schema\/person\/c41bbdf31473f32770fd47881070d793"},"headline":"A\u00e9roport Clermont","datePublished":"2019-06-19T09:01:57+00:00","dateModified":"2022-09-07T16:25:06+00:00","mainEntityOfPage":{"@id":"https:\/\/www.endtoend.fr\/site\/aeroport-clermont\/"},"wordCount":219,"publisher":{"@id":"https:\/\/www.endtoend.fr\/site\/#organization"},"image":{"@id":"https:\/\/www.endtoend.fr\/site\/aeroport-clermont\/#primaryimage"},"thumbnailUrl":"https:\/\/www.endtoend.fr\/site\/wp-content\/uploads\/2019\/06\/aeroport-clermont-street-art.jpg","articleSection":["Graffiti","Projets","Vid\u00e9os"],"inLanguage":"fr-FR"},{"@type":"WebPage","@id":"https:\/\/www.endtoend.fr\/site\/aeroport-clermont\/","url":"https:\/\/www.endtoend.fr\/site\/aeroport-clermont\/","name":"A\u00e9roport de Clermont-Ferrand | END to END | Graffiti | Street Art","isPartOf":{"@id":"https:\/\/www.endtoend.fr\/site\/#website"},"primaryImageOfPage":{"@id":"https:\/\/www.endtoend.fr\/site\/aeroport-clermont\/#primaryimage"},"image":{"@id":"https:\/\/www.endtoend.fr\/site\/aeroport-clermont\/#primaryimage"},"thumbnailUrl":"https:\/\/www.endtoend.fr\/site\/wp-content\/uploads\/2019\/06\/aeroport-clermont-street-art.jpg","datePublished":"2019-06-19T09:01:57+00:00","dateModified":"2022-09-07T16:25:06+00:00","description":"Fresques Street Art r\u00e9alis\u00e9es par ENDtoEND dans la zone bagage de l'a\u00e9roport de Clermont-Ferrand, par les artistes Repy, Waro, Epok et Deft.","breadcrumb":{"@id":"https:\/\/www.endtoend.fr\/site\/aeroport-clermont\/#breadcrumb"},"inLanguage":"fr-FR","potentialAction":[{"@type":"ReadAction","target":["https:\/\/www.endtoend.fr\/site\/aeroport-clermont\/"]}]},{"@type":"ImageObject","inLanguage":"fr-FR","@id":"https:\/\/www.endtoend.fr\/site\/aeroport-clermont\/#primaryimage","url":"https:\/\/www.endtoend.fr\/site\/wp-content\/uploads\/2019\/06\/aeroport-clermont-street-art.jpg","contentUrl":"https:\/\/www.endtoend.fr\/site\/wp-content\/uploads\/2019\/06\/aeroport-clermont-street-art.jpg","width":600,"height":600,"caption":"projet-fresque-aeroport-clermont-street-art"},{"@type":"BreadcrumbList","@id":"https:\/\/www.endtoend.fr\/site\/aeroport-clermont\/#breadcrumb","itemListElement":[{"@type":"ListItem","position":1,"name":"Home","item":"https:\/\/www.endtoend.fr\/site\/"},{"@type":"ListItem","position":2,"name":"A\u00e9roport Clermont"}]},{"@type":"WebSite","@id":"https:\/\/www.endtoend.fr\/site\/#website","url":"https:\/\/www.endtoend.fr\/site\/","name":"END TO END | Collectif d\u2019Artistes | Graffiti Street Art | Clermont-Ferrand","description":"Association d&#039;Artistes Peintres Graffiti, r\u00e9alisation de fresques, d\u00e9corations, toiles et expositions. Clermont-Ferrand, Toulouse, Paris.","publisher":{"@id":"https:\/\/www.endtoend.fr\/site\/#organization"},"potentialAction":[{"@type":"SearchAction","target":{"@type":"EntryPoint","urlTemplate":"https:\/\/www.endtoend.fr\/site\/?s={search_term_string}"},"query-input":{"@type":"PropertyValueSpecification","valueRequired":true,"valueName":"search_term_string"}}],"inLanguage":"fr-FR"},{"@type":"Organization","@id":"https:\/\/www.endtoend.fr\/site\/#organization","name":"Collectif END to END","url":"https:\/\/www.endtoend.fr\/site\/","logo":{"@type":"ImageObject","inLanguage":"fr-FR","@id":"https:\/\/www.endtoend.fr\/site\/#\/schema\/logo\/image\/","url":"https:\/\/www.endtoend.fr\/site\/wp-content\/uploads\/2022\/08\/end-to-end-graffiti-street-art-clermont-ferrand.jpg","contentUrl":"https:\/\/www.endtoend.fr\/site\/wp-content\/uploads\/2022\/08\/end-to-end-graffiti-street-art-clermont-ferrand.jpg","width":1920,"height":1080,"caption":"Collectif END to END"},"image":{"@id":"https:\/\/www.endtoend.fr\/site\/#\/schema\/logo\/image\/"},"sameAs":["https:\/\/www.facebook.com\/collectif.endtoend","https:\/\/x.com\/ENDtoEND_","https:\/\/www.instagram.com\/end_to_end\/","https:\/\/www.youtube.com\/user\/ENDtoENDgraffiti"]},{"@type":"Person","@id":"https:\/\/www.endtoend.fr\/site\/#\/schema\/person\/c41bbdf31473f32770fd47881070d793","name":"ENDtoEND","url":"https:\/\/www.endtoend.fr\/site\/author\/endtoend-shop\/"}]}},"uagb_featured_image_src":{"full":["https:\/\/www.endtoend.fr\/site\/wp-content\/uploads\/2019\/06\/aeroport-clermont-street-art.jpg",600,600,false],"thumbnail":["https:\/\/www.endtoend.fr\/site\/wp-content\/uploads\/2019\/06\/aeroport-clermont-street-art-300x300.jpg",300,300,true],"medium":["https:\/\/www.endtoend.fr\/site\/wp-content\/uploads\/2019\/06\/aeroport-clermont-street-art.jpg",600,600,false],"medium_large":["https:\/\/www.endtoend.fr\/site\/wp-content\/uploads\/2019\/06\/aeroport-clermont-street-art.jpg",600,600,false],"large":["https:\/\/www.endtoend.fr\/site\/wp-content\/uploads\/2019\/06\/aeroport-clermont-street-art.jpg",600,600,false],"1536x1536":["https:\/\/www.endtoend.fr\/site\/wp-content\/uploads\/2019\/06\/aeroport-clermont-street-art.jpg",600,600,false],"2048x2048":["https:\/\/www.endtoend.fr\/site\/wp-content\/uploads\/2019\/06\/aeroport-clermont-street-art.jpg",600,600,false]},"uagb_author_info":{"display_name":"ENDtoEND","author_link":"https:\/\/www.endtoend.fr\/site\/author\/endtoend-shop\/"},"uagb_comment_info":0,"uagb_excerpt":"Peinture en soute En 2018, le projet de r\u00e9aliser des fresques street-art dans l\u2019a\u00e9roport de Clermont-Ferrand se lance. Mai 2019, apr\u00e8s plusieurs semaines d&rsquo;organisation et une formation pour circuler dans la zone de s\u00fbret\u00e9 \u00e0 acc\u00e8s r\u00e9glement\u00e9e (zsar), les artistes du collectif END to END ont pu s&rsquo;exprimer sur les grands murs de la partie\u2026","_links":{"self":[{"href":"https:\/\/www.endtoend.fr\/site\/wp-json\/wp\/v2\/posts\/2747","targetHints":{"allow":["GET"]}}],"collection":[{"href":"https:\/\/www.endtoend.fr\/site\/wp-json\/wp\/v2\/posts"}],"about":[{"href":"https:\/\/www.endtoend.fr\/site\/wp-json\/wp\/v2\/types\/post"}],"author":[{"embeddable":true,"href":"https:\/\/www.endtoend.fr\/site\/wp-json\/wp\/v2\/users\/1"}],"replies":[{"embeddable":true,"href":"https:\/\/www.endtoend.fr\/site\/wp-json\/wp\/v2\/comments?post=2747"}],"version-history":[{"count":0,"href":"https:\/\/www.endtoend.fr\/site\/wp-json\/wp\/v2\/posts\/2747\/revisions"}],"wp:featuredmedia":[{"embeddable":true,"href":"https:\/\/www.endtoend.fr\/site\/wp-json\/wp\/v2\/media\/2750"}],"wp:attachment":[{"href":"https:\/\/www.endtoend.fr\/site\/wp-json\/wp\/v2\/media?parent=2747"}],"wp:term":[{"taxonomy":"category","embeddable":true,"href":"https:\/\/www.endtoend.fr\/site\/wp-json\/wp\/v2\/categories?post=2747"},{"taxonomy":"post_tag","embeddable":true,"href":"https:\/\/www.endtoend.fr\/site\/wp-json\/wp\/v2\/tags?post=2747"}],"curies":[{"name":"wp","href":"https:\/\/api.w.org\/{rel}","templated":true}]}}