{"id":2343,"date":"2016-08-10T19:56:47","date_gmt":"2016-08-10T18:56:47","guid":{"rendered":"http:\/\/www.endtoend.fr\/site\/?p=2343"},"modified":"2022-06-14T15:53:00","modified_gmt":"2022-06-14T14:53:00","slug":"chateau-perche-festival-ravel","status":"publish","type":"post","link":"https:\/\/www.endtoend.fr\/site\/chateau-perche-festival-ravel\/","title":{"rendered":"CH\u00c2TEAU PERCH\u00c9 FESTIVAL &#8211; Ravel"},"content":{"rendered":"<p>Le weekend du 13 au 15 Aout\u00a02016, les membres du\u00a0<strong><a href=\"https:\/\/www.facebook.com\/association.endtoend\" target=\"_blank\" rel=\"noopener noreferrer\">Collectif ENDtoEND<\/a><\/strong> seront pr\u00e9sents\u00a0\u00e0 l&rsquo;\u00e9dition du\u00a0<strong><a href=\"https:\/\/www.facebook.com\/ChateauPercheFestival\/\" target=\"_blank\" rel=\"noopener noreferrer\">Ch\u00e2teau Perch\u00e9 Festival<\/a><\/strong>\u00a0\u00e0 <a href=\"http:\/\/www.chateauderavel.com\/\" target=\"_blank\" rel=\"noopener noreferrer\">Ravel<\/a>, \u00a0pour une session <strong>Body Painting<\/strong>\u00a0 et <strong>Graffiti<\/strong> non-stop sous le son de la techno et de l&rsquo;electro !! Gros weekend en perspective&#8230;<\/p>\n<p><strong>Billetteries et navettes<\/strong> (Clermont-fd\/Ravel) :\u00a0<a href=\"https:\/\/www.placeminute.com\/festival\/chateau_perche_festival_ravel,1,14827.html\" target=\"_blank\" rel=\"noopener noreferrer\">www.placeminute.com\/chateau-perche-festival-ravel<\/a><\/p>\n<p><strong>Plus d&rsquo;infos sur l&rsquo;\u00e9v\u00e9nement facebook<\/strong> :\u00a0<a href=\"https:\/\/www.facebook.com\/events\/653383798148388\/\">www.facebook.com\/chateau-perch\u00e9-ravel<\/a><\/p>\n<p>&nbsp;<\/p>\n<h2>Vid\u00e9o<\/h2>\n<p><iframe loading=\"lazy\" style=\"border: none; overflow: hidden;\" src=\"https:\/\/www.facebook.com\/plugins\/video.php?href=https%3A%2F%2Fwww.facebook.com%2FChateauPercheFestival%2Fvideos%2F1183630605021407%2F&amp;show_text=0&amp;width=560\" width=\"560\" height=\"315\" frameborder=\"0\" scrolling=\"no\" allowfullscreen=\"allowfullscreen\"><\/iframe><\/p>\n<p>&nbsp;<\/p>\n<h2>Programme<\/h2>\n<p><strong>&#8211; JOUR 1 &#8211;<\/strong><br \/>\n6FRNC<br \/>\nB\u00e4rchen<br \/>\nBouti<br \/>\nChristian Kahl &amp; Tronje Kaemena<br \/>\nCLFT Militia<br \/>\nDOJAS<br \/>\nFaber<br \/>\nFriends w\/ Benefits<br \/>\nGirls of Chill<br \/>\nHerrmann b2b Primitive<br \/>\nJack de Marseille (Page officielle)<br \/>\nKe-v<br \/>\nK-HAND<br \/>\nKsiopai<br \/>\nMr Cardboard<br \/>\nPhilistin<br \/>\nRafaele Castiglione<br \/>\nRoman Poncet<br \/>\nR\u00f6pe<br \/>\nSanja Kelevra<br \/>\nSimou Bedot<br \/>\nSoulmind<br \/>\nSpacesheep<br \/>\nTeki Latex<br \/>\nThms &amp; Ace Tone<br \/>\nTSAAB<br \/>\nUschi&amp;Hans<br \/>\nElectrotopsy<br \/>\nYHM<br \/>\nAND MORE.<\/p>\n<p><strong>&#8211; JOUR 2 &#8211;<\/strong><br \/>\nAgn\u00e8s Aokky<br \/>\nAli Mente<br \/>\nAmadeus Joseph<br \/>\nChristian Kahl &amp; Tronje Kaemena<br \/>\nDada Disco<br \/>\nEENCH<br \/>\nEntfremdet<br \/>\nEr &amp; Sein Bruder<br \/>\nGoldschall \u221e Rausch<br \/>\nHenning Baer<br \/>\nHORKULAK<br \/>\nJack de Marseille (Page officielle)<br \/>\nJEN onesailor<br \/>\nJohannes Fait<br \/>\nJoshua b2b D\u2018John<br \/>\nLonely Ulf<br \/>\nLouis Nesuah<br \/>\nMarwan Sabb_<br \/>\nMihigh<br \/>\nMila Dietrich<br \/>\nKe-v<br \/>\nMilad M\u00fcller<br \/>\nMr N\u00f4<br \/>\nOrmind<br \/>\nPierre Paris<br \/>\nSavaggio<br \/>\nSchmeckefuchs<br \/>\nSNKLS<br \/>\nTeddy K b2b IXELL<br \/>\nZahir_<br \/>\nAND MORE<\/p>\n<p>MAGIC PERFORMED BY &#8230;<br \/>\nCamp Everest (Ascencional trip &#8211; Chill camp), Chill&rsquo;Ubik (Chill out), Circasismic (Divination), Le Cirque Electrique, Collectif END to END (Body painting), CRISIS (Queer Performance), Delta \u0394 (Decoration), Dove Perspicacius (Esoteric installation), Ewa (Divination), Felix Charin (Documentation), fernab (Decoration \u2013 Music), Florian Schmidt (Mapping), Golden Doors (Mapping \u2013 Decoration), JJ Dekopower (Decoration), Atelier Kiko (Decoration), La Catastrophe (Mystic music band), La Noblesse &amp; friends (Music live creation), Les Touk&rsquo;Ram\u00e9s (Fire show), LICHTFETISCH (lights artists), Louna Vox (Kamishibai \u2013 Installation), Lusty Ice (Sculpture &#8211; Show \u2013 Icecream), Neira (Jazz), OY\u00c9 (light Show), Poetry Slam, Psycholights (Mapping), Pussy Ch\u00e9rie (live band), Saint Molotov (Decoration \u2013 Tattoo), Sego &amp; Friends (Tattoo), The swarm (Trip hop experimental), Trapier Duport\u00e9 (Installation), WAWH music (Mapping), William L\u00e9on (Decoration), \u2026<\/p>\n","protected":false},"excerpt":{"rendered":"<p>Le weekend du 13 au 15 Aout\u00a02016, les membres du\u00a0Collectif ENDtoEND seront pr\u00e9sents\u00a0\u00e0 l&rsquo;\u00e9dition du\u00a0Ch\u00e2teau Perch\u00e9 Festival\u00a0\u00e0 Ravel, \u00a0pour une session Body Painting\u00a0 et Graffiti non-stop sous le son de la techno et de l&rsquo;electro !! Gros weekend en perspective&#8230; Billetteries et navettes (Clermont-fd\/Ravel) :\u00a0www.placeminute.com\/chateau-perche-festival-ravel Plus d&rsquo;infos sur l&rsquo;\u00e9v\u00e9nement facebook :\u00a0www.facebook.com\/chateau-perch\u00e9-ravel &nbsp; Vid\u00e9o &nbsp; Programme [&hellip;]<\/p>\n","protected":false},"author":1,"featured_media":2345,"comment_status":"closed","ping_status":"closed","sticky":false,"template":"","format":"standard","meta":{"_uag_custom_page_level_css":"","footnotes":""},"categories":[94],"tags":[301,305,229,302,303,304],"class_list":["post-2343","post","type-post","status-publish","format-standard","has-post-thumbnail","hentry","category-news","tag-chateau","tag-electro","tag-musique","tag-perche","tag-ravel","tag-techno"],"yoast_head":"<!-- This site is optimized with the Yoast SEO plugin v26.8 - https:\/\/yoast.com\/product\/yoast-seo-wordpress\/ -->\n<title>Festival Ch\u00e2teau Perch\u00e9 - Ravel | ENDtoEND - Graffiti<\/title>\n<meta name=\"description\" content=\"Le weekend du 13 au 15 Aout 2016, les membres du Collectif ENDtoEND seront pr\u00e9sents \u00e0 l&#039;\u00e9dition du Ch\u00e2teau Perch\u00e9 Festival \u00e0 Ravel !\" \/>\n<meta name=\"robots\" content=\"index, follow, max-snippet:-1, max-image-preview:large, max-video-preview:-1\" \/>\n<link rel=\"canonical\" href=\"https:\/\/www.endtoend.fr\/site\/chateau-perche-festival-ravel\/\" \/>\n<meta property=\"og:locale\" content=\"fr_FR\" \/>\n<meta property=\"og:type\" content=\"article\" \/>\n<meta property=\"og:title\" content=\"Festival Ch\u00e2teau Perch\u00e9 - Ravel | ENDtoEND - Graffiti\" \/>\n<meta property=\"og:description\" content=\"Le weekend du 13 au 15 Aout 2016, les membres du Collectif ENDtoEND seront pr\u00e9sents \u00e0 l&#039;\u00e9dition du Ch\u00e2teau Perch\u00e9 Festival \u00e0 Ravel !\" \/>\n<meta property=\"og:url\" content=\"https:\/\/www.endtoend.fr\/site\/chateau-perche-festival-ravel\/\" \/>\n<meta property=\"og:site_name\" content=\"END TO END | Collectif d\u2019Artistes | Graffiti Street Art | Clermont-Ferrand\" \/>\n<meta property=\"article:publisher\" content=\"https:\/\/www.facebook.com\/collectif.endtoend\" \/>\n<meta property=\"article:published_time\" content=\"2016-08-10T18:56:47+00:00\" \/>\n<meta property=\"article:modified_time\" content=\"2022-06-14T14:53:00+00:00\" \/>\n<meta property=\"og:image\" content=\"https:\/\/www.endtoend.fr\/site\/wp-content\/uploads\/2016\/08\/13087183_1148649281852873_6732490163626496853_o.jpg\" \/>\n\t<meta property=\"og:image:width\" content=\"1080\" \/>\n\t<meta property=\"og:image:height\" content=\"1080\" \/>\n\t<meta property=\"og:image:type\" content=\"image\/jpeg\" \/>\n<meta name=\"author\" content=\"ENDtoEND\" \/>\n<meta name=\"twitter:label1\" content=\"\u00c9crit par\" \/>\n\t<meta name=\"twitter:data1\" content=\"ENDtoEND\" \/>\n\t<meta name=\"twitter:label2\" content=\"Dur\u00e9e de lecture estim\u00e9e\" \/>\n\t<meta name=\"twitter:data2\" content=\"2 minutes\" \/>\n<script type=\"application\/ld+json\" class=\"yoast-schema-graph\">{\"@context\":\"https:\/\/schema.org\",\"@graph\":[{\"@type\":\"Article\",\"@id\":\"https:\/\/www.endtoend.fr\/site\/chateau-perche-festival-ravel\/#article\",\"isPartOf\":{\"@id\":\"https:\/\/www.endtoend.fr\/site\/chateau-perche-festival-ravel\/\"},\"author\":{\"name\":\"ENDtoEND\",\"@id\":\"https:\/\/www.endtoend.fr\/site\/#\/schema\/person\/c41bbdf31473f32770fd47881070d793\"},\"headline\":\"CH\u00c2TEAU PERCH\u00c9 FESTIVAL &#8211; Ravel\",\"datePublished\":\"2016-08-10T18:56:47+00:00\",\"dateModified\":\"2022-06-14T14:53:00+00:00\",\"mainEntityOfPage\":{\"@id\":\"https:\/\/www.endtoend.fr\/site\/chateau-perche-festival-ravel\/\"},\"wordCount\":333,\"publisher\":{\"@id\":\"https:\/\/www.endtoend.fr\/site\/#organization\"},\"image\":{\"@id\":\"https:\/\/www.endtoend.fr\/site\/chateau-perche-festival-ravel\/#primaryimage\"},\"thumbnailUrl\":\"https:\/\/www.endtoend.fr\/site\/wp-content\/uploads\/2016\/08\/13087183_1148649281852873_6732490163626496853_o.jpg\",\"keywords\":[\"ch\u00e2teau\",\"electro\",\"musique\",\"perch\u00e9\",\"ravel\",\"techno\"],\"articleSection\":[\"Actualit\u00e9s\"],\"inLanguage\":\"fr-FR\"},{\"@type\":\"WebPage\",\"@id\":\"https:\/\/www.endtoend.fr\/site\/chateau-perche-festival-ravel\/\",\"url\":\"https:\/\/www.endtoend.fr\/site\/chateau-perche-festival-ravel\/\",\"name\":\"Festival Ch\u00e2teau Perch\u00e9 - Ravel | ENDtoEND - Graffiti\",\"isPartOf\":{\"@id\":\"https:\/\/www.endtoend.fr\/site\/#website\"},\"primaryImageOfPage\":{\"@id\":\"https:\/\/www.endtoend.fr\/site\/chateau-perche-festival-ravel\/#primaryimage\"},\"image\":{\"@id\":\"https:\/\/www.endtoend.fr\/site\/chateau-perche-festival-ravel\/#primaryimage\"},\"thumbnailUrl\":\"https:\/\/www.endtoend.fr\/site\/wp-content\/uploads\/2016\/08\/13087183_1148649281852873_6732490163626496853_o.jpg\",\"datePublished\":\"2016-08-10T18:56:47+00:00\",\"dateModified\":\"2022-06-14T14:53:00+00:00\",\"description\":\"Le weekend du 13 au 15 Aout 2016, les membres du Collectif ENDtoEND seront pr\u00e9sents \u00e0 l'\u00e9dition du Ch\u00e2teau Perch\u00e9 Festival \u00e0 Ravel !\",\"breadcrumb\":{\"@id\":\"https:\/\/www.endtoend.fr\/site\/chateau-perche-festival-ravel\/#breadcrumb\"},\"inLanguage\":\"fr-FR\",\"potentialAction\":[{\"@type\":\"ReadAction\",\"target\":[\"https:\/\/www.endtoend.fr\/site\/chateau-perche-festival-ravel\/\"]}]},{\"@type\":\"ImageObject\",\"inLanguage\":\"fr-FR\",\"@id\":\"https:\/\/www.endtoend.fr\/site\/chateau-perche-festival-ravel\/#primaryimage\",\"url\":\"https:\/\/www.endtoend.fr\/site\/wp-content\/uploads\/2016\/08\/13087183_1148649281852873_6732490163626496853_o.jpg\",\"contentUrl\":\"https:\/\/www.endtoend.fr\/site\/wp-content\/uploads\/2016\/08\/13087183_1148649281852873_6732490163626496853_o.jpg\",\"width\":1080,\"height\":1080},{\"@type\":\"BreadcrumbList\",\"@id\":\"https:\/\/www.endtoend.fr\/site\/chateau-perche-festival-ravel\/#breadcrumb\",\"itemListElement\":[{\"@type\":\"ListItem\",\"position\":1,\"name\":\"Home\",\"item\":\"https:\/\/www.endtoend.fr\/site\/\"},{\"@type\":\"ListItem\",\"position\":2,\"name\":\"CH\u00c2TEAU PERCH\u00c9 FESTIVAL &#8211; Ravel\"}]},{\"@type\":\"WebSite\",\"@id\":\"https:\/\/www.endtoend.fr\/site\/#website\",\"url\":\"https:\/\/www.endtoend.fr\/site\/\",\"name\":\"END TO END | Collectif d\u2019Artistes | Graffiti Street Art | Clermont-Ferrand\",\"description\":\"Association d&#039;Artistes Peintres Graffiti, r\u00e9alisation de fresques, d\u00e9corations, toiles et expositions. Clermont-Ferrand, Toulouse, Paris.\",\"publisher\":{\"@id\":\"https:\/\/www.endtoend.fr\/site\/#organization\"},\"potentialAction\":[{\"@type\":\"SearchAction\",\"target\":{\"@type\":\"EntryPoint\",\"urlTemplate\":\"https:\/\/www.endtoend.fr\/site\/?s={search_term_string}\"},\"query-input\":{\"@type\":\"PropertyValueSpecification\",\"valueRequired\":true,\"valueName\":\"search_term_string\"}}],\"inLanguage\":\"fr-FR\"},{\"@type\":\"Organization\",\"@id\":\"https:\/\/www.endtoend.fr\/site\/#organization\",\"name\":\"Collectif END to END\",\"url\":\"https:\/\/www.endtoend.fr\/site\/\",\"logo\":{\"@type\":\"ImageObject\",\"inLanguage\":\"fr-FR\",\"@id\":\"https:\/\/www.endtoend.fr\/site\/#\/schema\/logo\/image\/\",\"url\":\"https:\/\/www.endtoend.fr\/site\/wp-content\/uploads\/2022\/08\/end-to-end-graffiti-street-art-clermont-ferrand.jpg\",\"contentUrl\":\"https:\/\/www.endtoend.fr\/site\/wp-content\/uploads\/2022\/08\/end-to-end-graffiti-street-art-clermont-ferrand.jpg\",\"width\":1920,\"height\":1080,\"caption\":\"Collectif END to END\"},\"image\":{\"@id\":\"https:\/\/www.endtoend.fr\/site\/#\/schema\/logo\/image\/\"},\"sameAs\":[\"https:\/\/www.facebook.com\/collectif.endtoend\",\"https:\/\/x.com\/ENDtoEND_\",\"https:\/\/www.instagram.com\/end_to_end\/\",\"https:\/\/www.youtube.com\/user\/ENDtoENDgraffiti\"]},{\"@type\":\"Person\",\"@id\":\"https:\/\/www.endtoend.fr\/site\/#\/schema\/person\/c41bbdf31473f32770fd47881070d793\",\"name\":\"ENDtoEND\",\"url\":\"https:\/\/www.endtoend.fr\/site\/author\/endtoend-shop\/\"}]}<\/script>\n<!-- \/ Yoast SEO plugin. -->","yoast_head_json":{"title":"Festival Ch\u00e2teau Perch\u00e9 - Ravel | ENDtoEND - Graffiti","description":"Le weekend du 13 au 15 Aout 2016, les membres du Collectif ENDtoEND seront pr\u00e9sents \u00e0 l'\u00e9dition du Ch\u00e2teau Perch\u00e9 Festival \u00e0 Ravel !","robots":{"index":"index","follow":"follow","max-snippet":"max-snippet:-1","max-image-preview":"max-image-preview:large","max-video-preview":"max-video-preview:-1"},"canonical":"https:\/\/www.endtoend.fr\/site\/chateau-perche-festival-ravel\/","og_locale":"fr_FR","og_type":"article","og_title":"Festival Ch\u00e2teau Perch\u00e9 - Ravel | ENDtoEND - Graffiti","og_description":"Le weekend du 13 au 15 Aout 2016, les membres du Collectif ENDtoEND seront pr\u00e9sents \u00e0 l'\u00e9dition du Ch\u00e2teau Perch\u00e9 Festival \u00e0 Ravel !","og_url":"https:\/\/www.endtoend.fr\/site\/chateau-perche-festival-ravel\/","og_site_name":"END TO END | Collectif d\u2019Artistes | Graffiti Street Art | Clermont-Ferrand","article_publisher":"https:\/\/www.facebook.com\/collectif.endtoend","article_published_time":"2016-08-10T18:56:47+00:00","article_modified_time":"2022-06-14T14:53:00+00:00","og_image":[{"width":1080,"height":1080,"url":"https:\/\/www.endtoend.fr\/site\/wp-content\/uploads\/2016\/08\/13087183_1148649281852873_6732490163626496853_o.jpg","type":"image\/jpeg"}],"author":"ENDtoEND","twitter_misc":{"\u00c9crit par":"ENDtoEND","Dur\u00e9e de lecture estim\u00e9e":"2 minutes"},"schema":{"@context":"https:\/\/schema.org","@graph":[{"@type":"Article","@id":"https:\/\/www.endtoend.fr\/site\/chateau-perche-festival-ravel\/#article","isPartOf":{"@id":"https:\/\/www.endtoend.fr\/site\/chateau-perche-festival-ravel\/"},"author":{"name":"ENDtoEND","@id":"https:\/\/www.endtoend.fr\/site\/#\/schema\/person\/c41bbdf31473f32770fd47881070d793"},"headline":"CH\u00c2TEAU PERCH\u00c9 FESTIVAL &#8211; Ravel","datePublished":"2016-08-10T18:56:47+00:00","dateModified":"2022-06-14T14:53:00+00:00","mainEntityOfPage":{"@id":"https:\/\/www.endtoend.fr\/site\/chateau-perche-festival-ravel\/"},"wordCount":333,"publisher":{"@id":"https:\/\/www.endtoend.fr\/site\/#organization"},"image":{"@id":"https:\/\/www.endtoend.fr\/site\/chateau-perche-festival-ravel\/#primaryimage"},"thumbnailUrl":"https:\/\/www.endtoend.fr\/site\/wp-content\/uploads\/2016\/08\/13087183_1148649281852873_6732490163626496853_o.jpg","keywords":["ch\u00e2teau","electro","musique","perch\u00e9","ravel","techno"],"articleSection":["Actualit\u00e9s"],"inLanguage":"fr-FR"},{"@type":"WebPage","@id":"https:\/\/www.endtoend.fr\/site\/chateau-perche-festival-ravel\/","url":"https:\/\/www.endtoend.fr\/site\/chateau-perche-festival-ravel\/","name":"Festival Ch\u00e2teau Perch\u00e9 - Ravel | ENDtoEND - Graffiti","isPartOf":{"@id":"https:\/\/www.endtoend.fr\/site\/#website"},"primaryImageOfPage":{"@id":"https:\/\/www.endtoend.fr\/site\/chateau-perche-festival-ravel\/#primaryimage"},"image":{"@id":"https:\/\/www.endtoend.fr\/site\/chateau-perche-festival-ravel\/#primaryimage"},"thumbnailUrl":"https:\/\/www.endtoend.fr\/site\/wp-content\/uploads\/2016\/08\/13087183_1148649281852873_6732490163626496853_o.jpg","datePublished":"2016-08-10T18:56:47+00:00","dateModified":"2022-06-14T14:53:00+00:00","description":"Le weekend du 13 au 15 Aout 2016, les membres du Collectif ENDtoEND seront pr\u00e9sents \u00e0 l'\u00e9dition du Ch\u00e2teau Perch\u00e9 Festival \u00e0 Ravel !","breadcrumb":{"@id":"https:\/\/www.endtoend.fr\/site\/chateau-perche-festival-ravel\/#breadcrumb"},"inLanguage":"fr-FR","potentialAction":[{"@type":"ReadAction","target":["https:\/\/www.endtoend.fr\/site\/chateau-perche-festival-ravel\/"]}]},{"@type":"ImageObject","inLanguage":"fr-FR","@id":"https:\/\/www.endtoend.fr\/site\/chateau-perche-festival-ravel\/#primaryimage","url":"https:\/\/www.endtoend.fr\/site\/wp-content\/uploads\/2016\/08\/13087183_1148649281852873_6732490163626496853_o.jpg","contentUrl":"https:\/\/www.endtoend.fr\/site\/wp-content\/uploads\/2016\/08\/13087183_1148649281852873_6732490163626496853_o.jpg","width":1080,"height":1080},{"@type":"BreadcrumbList","@id":"https:\/\/www.endtoend.fr\/site\/chateau-perche-festival-ravel\/#breadcrumb","itemListElement":[{"@type":"ListItem","position":1,"name":"Home","item":"https:\/\/www.endtoend.fr\/site\/"},{"@type":"ListItem","position":2,"name":"CH\u00c2TEAU PERCH\u00c9 FESTIVAL &#8211; Ravel"}]},{"@type":"WebSite","@id":"https:\/\/www.endtoend.fr\/site\/#website","url":"https:\/\/www.endtoend.fr\/site\/","name":"END TO END | Collectif d\u2019Artistes | Graffiti Street Art | Clermont-Ferrand","description":"Association d&#039;Artistes Peintres Graffiti, r\u00e9alisation de fresques, d\u00e9corations, toiles et expositions. Clermont-Ferrand, Toulouse, Paris.","publisher":{"@id":"https:\/\/www.endtoend.fr\/site\/#organization"},"potentialAction":[{"@type":"SearchAction","target":{"@type":"EntryPoint","urlTemplate":"https:\/\/www.endtoend.fr\/site\/?s={search_term_string}"},"query-input":{"@type":"PropertyValueSpecification","valueRequired":true,"valueName":"search_term_string"}}],"inLanguage":"fr-FR"},{"@type":"Organization","@id":"https:\/\/www.endtoend.fr\/site\/#organization","name":"Collectif END to END","url":"https:\/\/www.endtoend.fr\/site\/","logo":{"@type":"ImageObject","inLanguage":"fr-FR","@id":"https:\/\/www.endtoend.fr\/site\/#\/schema\/logo\/image\/","url":"https:\/\/www.endtoend.fr\/site\/wp-content\/uploads\/2022\/08\/end-to-end-graffiti-street-art-clermont-ferrand.jpg","contentUrl":"https:\/\/www.endtoend.fr\/site\/wp-content\/uploads\/2022\/08\/end-to-end-graffiti-street-art-clermont-ferrand.jpg","width":1920,"height":1080,"caption":"Collectif END to END"},"image":{"@id":"https:\/\/www.endtoend.fr\/site\/#\/schema\/logo\/image\/"},"sameAs":["https:\/\/www.facebook.com\/collectif.endtoend","https:\/\/x.com\/ENDtoEND_","https:\/\/www.instagram.com\/end_to_end\/","https:\/\/www.youtube.com\/user\/ENDtoENDgraffiti"]},{"@type":"Person","@id":"https:\/\/www.endtoend.fr\/site\/#\/schema\/person\/c41bbdf31473f32770fd47881070d793","name":"ENDtoEND","url":"https:\/\/www.endtoend.fr\/site\/author\/endtoend-shop\/"}]}},"uagb_featured_image_src":{"full":["https:\/\/www.endtoend.fr\/site\/wp-content\/uploads\/2016\/08\/13087183_1148649281852873_6732490163626496853_o.jpg",1080,1080,false],"thumbnail":["https:\/\/www.endtoend.fr\/site\/wp-content\/uploads\/2016\/08\/13087183_1148649281852873_6732490163626496853_o-300x300.jpg",300,300,true],"medium":["https:\/\/www.endtoend.fr\/site\/wp-content\/uploads\/2016\/08\/13087183_1148649281852873_6732490163626496853_o-1000x1000.jpg",1000,1000,true],"medium_large":["https:\/\/www.endtoend.fr\/site\/wp-content\/uploads\/2016\/08\/13087183_1148649281852873_6732490163626496853_o-768x768.jpg",768,768,true],"large":["https:\/\/www.endtoend.fr\/site\/wp-content\/uploads\/2016\/08\/13087183_1148649281852873_6732490163626496853_o.jpg",1080,1080,false],"1536x1536":["https:\/\/www.endtoend.fr\/site\/wp-content\/uploads\/2016\/08\/13087183_1148649281852873_6732490163626496853_o.jpg",1080,1080,false],"2048x2048":["https:\/\/www.endtoend.fr\/site\/wp-content\/uploads\/2016\/08\/13087183_1148649281852873_6732490163626496853_o.jpg",1080,1080,false]},"uagb_author_info":{"display_name":"ENDtoEND","author_link":"https:\/\/www.endtoend.fr\/site\/author\/endtoend-shop\/"},"uagb_comment_info":0,"uagb_excerpt":"Le weekend du 13 au 15 Aout\u00a02016, les membres du\u00a0Collectif ENDtoEND seront pr\u00e9sents\u00a0\u00e0 l&rsquo;\u00e9dition du\u00a0Ch\u00e2teau Perch\u00e9 Festival\u00a0\u00e0 Ravel, \u00a0pour une session Body Painting\u00a0 et Graffiti non-stop sous le son de la techno et de l&rsquo;electro !! Gros weekend en perspective&#8230; Billetteries et navettes (Clermont-fd\/Ravel) :\u00a0www.placeminute.com\/chateau-perche-festival-ravel Plus d&rsquo;infos sur l&rsquo;\u00e9v\u00e9nement facebook :\u00a0www.facebook.com\/chateau-perch\u00e9-ravel &nbsp; Vid\u00e9o &nbsp; Programme\u2026","_links":{"self":[{"href":"https:\/\/www.endtoend.fr\/site\/wp-json\/wp\/v2\/posts\/2343","targetHints":{"allow":["GET"]}}],"collection":[{"href":"https:\/\/www.endtoend.fr\/site\/wp-json\/wp\/v2\/posts"}],"about":[{"href":"https:\/\/www.endtoend.fr\/site\/wp-json\/wp\/v2\/types\/post"}],"author":[{"embeddable":true,"href":"https:\/\/www.endtoend.fr\/site\/wp-json\/wp\/v2\/users\/1"}],"replies":[{"embeddable":true,"href":"https:\/\/www.endtoend.fr\/site\/wp-json\/wp\/v2\/comments?post=2343"}],"version-history":[{"count":0,"href":"https:\/\/www.endtoend.fr\/site\/wp-json\/wp\/v2\/posts\/2343\/revisions"}],"wp:featuredmedia":[{"embeddable":true,"href":"https:\/\/www.endtoend.fr\/site\/wp-json\/wp\/v2\/media\/2345"}],"wp:attachment":[{"href":"https:\/\/www.endtoend.fr\/site\/wp-json\/wp\/v2\/media?parent=2343"}],"wp:term":[{"taxonomy":"category","embeddable":true,"href":"https:\/\/www.endtoend.fr\/site\/wp-json\/wp\/v2\/categories?post=2343"},{"taxonomy":"post_tag","embeddable":true,"href":"https:\/\/www.endtoend.fr\/site\/wp-json\/wp\/v2\/tags?post=2343"}],"curies":[{"name":"wp","href":"https:\/\/api.w.org\/{rel}","templated":true}]}}