{"id":1939,"date":"2015-11-11T14:33:51","date_gmt":"2015-11-11T13:33:51","guid":{"rendered":"http:\/\/www.endtoend.fr\/site\/?p=1939"},"modified":"2022-05-11T13:44:16","modified_gmt":"2022-05-11T12:44:16","slug":"salon-d-art-contemporain-dauvergne","status":"publish","type":"post","link":"https:\/\/www.endtoend.fr\/site\/salon-d-art-contemporain-dauvergne\/","title":{"rendered":"Salon d&rsquo;Art Contemporain d&rsquo;Auvergne"},"content":{"rendered":"<p>Lors de la premi\u00e8re \u00e9dition du\u00a0Salon d&rsquo;Art Contemporain d&rsquo;Auvergne \u00e0 Clermont-Ferrand, \u00a0un stand d&rsquo;exposition ENDtoEND sera tenu par <strong><a href=\"https:\/\/www.endtoend.fr\/site\/nega144-graffiti-artiste\/\">Nega 144<\/a><\/strong> et <strong><a href=\"https:\/\/www.endtoend.fr\/site\/deft-graffiti-artiste\/\">Deft<\/a><\/strong> qui pr\u00e9senteront leurs travaux sur toiles.<\/p>\n<p>&nbsp;<\/p>\n<h2>Salon d&rsquo;Art Contemporain d&rsquo;Auvergne<\/h2>\n<p><strong>13-14-15 Novembre\u00a02015<\/strong><br \/>\nGrande Halle d&rsquo;Auvergne<br \/>\n63800 Cournon-d&rsquo;Auvergne<br \/>\n<a href=\"http:\/\/www.salonartcontemporainauvergne.com\/\" target=\"_blank\" rel=\"noopener noreferrer\">www.salonartcontemporainauvergne.com<\/a><\/p>\n<p>&nbsp;<\/p>\n<h2>INVITATION GRATUITE<\/h2>\n<p>T\u00e9l\u00e9chargement : <span style=\"color: #000000;\"><strong><a style=\"color: #000000;\" href=\"https:\/\/www.endtoend.fr\/site\/wp-content\/uploads\/2015\/11\/INVITATION-SACA-R\u00b0V\u00b0.pdf\">INVITATION SACA R\u00b0V\u00b0<\/a><\/strong><\/span><\/p>\n<p><a href=\"https:\/\/www.endtoend.fr\/site\/wp-content\/uploads\/2015\/11\/INVITATION-SACA-R\u00b0V\u00b0.pdf\"><img loading=\"lazy\" decoding=\"async\" class=\"alignnone size-full wp-image-1942\" src=\"https:\/\/www.endtoend.fr\/site\/wp-content\/uploads\/2015\/11\/invit.jpg\" alt=\"invit\" width=\"285\" height=\"137\" \/><\/a><\/p>\n<p>&nbsp;<\/p>\n<h2>HORAIRES OUVERTURE<\/h2>\n<p><strong>Vendredi 13 Novembre<\/strong> de \u00a014 h \u00e0 20 h<br \/>\n<strong>Samedi 14 Novembre<\/strong> de 10 h \u00e0 20 h<br \/>\n<strong>Dimanche 15 Novembre<\/strong> de 10 h \u00e0 19\u00a0h<\/p>\n<p><a href=\"https:\/\/www.endtoend.fr\/site\/wp-content\/uploads\/2015\/11\/SACA-AffichLigh-2.jpg\" data-rel=\"lightbox-gallery-E76mCa3k\" data-rl_title=\"\" data-rl_caption=\"\" title=\"\"><img loading=\"lazy\" decoding=\"async\" class=\"alignnone wp-image-1940 size-thumbnail\" src=\"https:\/\/www.endtoend.fr\/site\/wp-content\/uploads\/2015\/11\/SACA-AffichLigh-2-300x300.jpg\" alt=\"Visage \u00e0 la Picasso.\" width=\"300\" height=\"300\" srcset=\"https:\/\/www.endtoend.fr\/site\/wp-content\/uploads\/2015\/11\/SACA-AffichLigh-2-300x300.jpg 300w, https:\/\/www.endtoend.fr\/site\/wp-content\/uploads\/2015\/11\/SACA-AffichLigh-2-100x100.jpg 100w\" sizes=\"auto, (max-width: 300px) 100vw, 300px\" \/><\/a><\/p>\n","protected":false},"excerpt":{"rendered":"<p>Lors de la premi\u00e8re \u00e9dition du\u00a0Salon d&rsquo;Art Contemporain d&rsquo;Auvergne \u00e0 Clermont-Ferrand, \u00a0un stand d&rsquo;exposition ENDtoEND sera tenu par Nega 144 et Deft qui pr\u00e9senteront leurs travaux sur toiles. &nbsp; Salon d&rsquo;Art Contemporain d&rsquo;Auvergne 13-14-15 Novembre\u00a02015 Grande Halle d&rsquo;Auvergne 63800 Cournon-d&rsquo;Auvergne www.salonartcontemporainauvergne.com &nbsp; INVITATION GRATUITE T\u00e9l\u00e9chargement : INVITATION SACA R\u00b0V\u00b0 &nbsp; HORAIRES OUVERTURE Vendredi 13 Novembre [&hellip;]<\/p>\n","protected":false},"author":1,"featured_media":1948,"comment_status":"closed","ping_status":"closed","sticky":false,"template":"","format":"standard","meta":{"_uag_custom_page_level_css":"","footnotes":""},"categories":[94],"tags":[132,134,285,13,284],"class_list":["post-1939","post","type-post","status-publish","format-standard","has-post-thumbnail","hentry","category-news","tag-art","tag-auvergne","tag-contemporain","tag-graffiti","tag-salon"],"yoast_head":"<!-- This site is optimized with the Yoast SEO plugin v26.8 - https:\/\/yoast.com\/product\/yoast-seo-wordpress\/ -->\n<title>Salon d&#039;Art Contemporain d&#039;Auvergne - END TO END<\/title>\n<meta name=\"description\" content=\"ENDtoEND participe \u00e0 la premi\u00e8re \u00e9dition du Salon d&#039;Art Contemporain d&#039;Auvergne \u00e0 Clermont-Ferrand. Grande Halle d&#039;Auvergne, 13-14-15 Novembre 2015\" \/>\n<meta name=\"robots\" content=\"index, follow, max-snippet:-1, max-image-preview:large, max-video-preview:-1\" \/>\n<link rel=\"canonical\" href=\"https:\/\/www.endtoend.fr\/site\/salon-d-art-contemporain-dauvergne\/\" \/>\n<meta property=\"og:locale\" content=\"fr_FR\" \/>\n<meta property=\"og:type\" content=\"article\" \/>\n<meta property=\"og:title\" content=\"Salon d&#039;Art Contemporain d&#039;Auvergne - END TO END\" \/>\n<meta property=\"og:description\" content=\"ENDtoEND participe \u00e0 la premi\u00e8re \u00e9dition du Salon d&#039;Art Contemporain d&#039;Auvergne \u00e0 Clermont-Ferrand. Grande Halle d&#039;Auvergne, 13-14-15 Novembre 2015\" \/>\n<meta property=\"og:url\" content=\"https:\/\/www.endtoend.fr\/site\/salon-d-art-contemporain-dauvergne\/\" \/>\n<meta property=\"og:site_name\" content=\"END TO END | Collectif d\u2019Artistes | Graffiti Street Art | Clermont-Ferrand\" \/>\n<meta property=\"article:publisher\" content=\"https:\/\/www.facebook.com\/collectif.endtoend\" \/>\n<meta property=\"article:published_time\" content=\"2015-11-11T13:33:51+00:00\" \/>\n<meta property=\"article:modified_time\" content=\"2022-05-11T12:44:16+00:00\" \/>\n<meta property=\"og:image\" content=\"https:\/\/www.endtoend.fr\/site\/wp-content\/uploads\/2015\/11\/affiche_saca.jpg\" \/>\n\t<meta property=\"og:image:width\" content=\"600\" \/>\n\t<meta property=\"og:image:height\" content=\"600\" \/>\n\t<meta property=\"og:image:type\" content=\"image\/jpeg\" \/>\n<meta name=\"author\" content=\"ENDtoEND\" \/>\n<meta name=\"twitter:label1\" content=\"\u00c9crit par\" \/>\n\t<meta name=\"twitter:data1\" content=\"ENDtoEND\" \/>\n<script type=\"application\/ld+json\" class=\"yoast-schema-graph\">{\"@context\":\"https:\/\/schema.org\",\"@graph\":[{\"@type\":\"Article\",\"@id\":\"https:\/\/www.endtoend.fr\/site\/salon-d-art-contemporain-dauvergne\/#article\",\"isPartOf\":{\"@id\":\"https:\/\/www.endtoend.fr\/site\/salon-d-art-contemporain-dauvergne\/\"},\"author\":{\"name\":\"ENDtoEND\",\"@id\":\"https:\/\/www.endtoend.fr\/site\/#\/schema\/person\/c41bbdf31473f32770fd47881070d793\"},\"headline\":\"Salon d&rsquo;Art Contemporain d&rsquo;Auvergne\",\"datePublished\":\"2015-11-11T13:33:51+00:00\",\"dateModified\":\"2022-05-11T12:44:16+00:00\",\"mainEntityOfPage\":{\"@id\":\"https:\/\/www.endtoend.fr\/site\/salon-d-art-contemporain-dauvergne\/\"},\"wordCount\":85,\"publisher\":{\"@id\":\"https:\/\/www.endtoend.fr\/site\/#organization\"},\"image\":{\"@id\":\"https:\/\/www.endtoend.fr\/site\/salon-d-art-contemporain-dauvergne\/#primaryimage\"},\"thumbnailUrl\":\"https:\/\/www.endtoend.fr\/site\/wp-content\/uploads\/2015\/11\/affiche_saca.jpg\",\"keywords\":[\"art\",\"auvergne\",\"Contemporain\",\"graffiti\",\"salon\"],\"articleSection\":[\"Actualit\u00e9s\"],\"inLanguage\":\"fr-FR\"},{\"@type\":\"WebPage\",\"@id\":\"https:\/\/www.endtoend.fr\/site\/salon-d-art-contemporain-dauvergne\/\",\"url\":\"https:\/\/www.endtoend.fr\/site\/salon-d-art-contemporain-dauvergne\/\",\"name\":\"Salon d'Art Contemporain d'Auvergne - END TO END\",\"isPartOf\":{\"@id\":\"https:\/\/www.endtoend.fr\/site\/#website\"},\"primaryImageOfPage\":{\"@id\":\"https:\/\/www.endtoend.fr\/site\/salon-d-art-contemporain-dauvergne\/#primaryimage\"},\"image\":{\"@id\":\"https:\/\/www.endtoend.fr\/site\/salon-d-art-contemporain-dauvergne\/#primaryimage\"},\"thumbnailUrl\":\"https:\/\/www.endtoend.fr\/site\/wp-content\/uploads\/2015\/11\/affiche_saca.jpg\",\"datePublished\":\"2015-11-11T13:33:51+00:00\",\"dateModified\":\"2022-05-11T12:44:16+00:00\",\"description\":\"ENDtoEND participe \u00e0 la premi\u00e8re \u00e9dition du Salon d'Art Contemporain d'Auvergne \u00e0 Clermont-Ferrand. Grande Halle d'Auvergne, 13-14-15 Novembre 2015\",\"breadcrumb\":{\"@id\":\"https:\/\/www.endtoend.fr\/site\/salon-d-art-contemporain-dauvergne\/#breadcrumb\"},\"inLanguage\":\"fr-FR\",\"potentialAction\":[{\"@type\":\"ReadAction\",\"target\":[\"https:\/\/www.endtoend.fr\/site\/salon-d-art-contemporain-dauvergne\/\"]}]},{\"@type\":\"ImageObject\",\"inLanguage\":\"fr-FR\",\"@id\":\"https:\/\/www.endtoend.fr\/site\/salon-d-art-contemporain-dauvergne\/#primaryimage\",\"url\":\"https:\/\/www.endtoend.fr\/site\/wp-content\/uploads\/2015\/11\/affiche_saca.jpg\",\"contentUrl\":\"https:\/\/www.endtoend.fr\/site\/wp-content\/uploads\/2015\/11\/affiche_saca.jpg\",\"width\":600,\"height\":600},{\"@type\":\"BreadcrumbList\",\"@id\":\"https:\/\/www.endtoend.fr\/site\/salon-d-art-contemporain-dauvergne\/#breadcrumb\",\"itemListElement\":[{\"@type\":\"ListItem\",\"position\":1,\"name\":\"Home\",\"item\":\"https:\/\/www.endtoend.fr\/site\/\"},{\"@type\":\"ListItem\",\"position\":2,\"name\":\"Salon d&#8217;Art Contemporain d&#8217;Auvergne\"}]},{\"@type\":\"WebSite\",\"@id\":\"https:\/\/www.endtoend.fr\/site\/#website\",\"url\":\"https:\/\/www.endtoend.fr\/site\/\",\"name\":\"END TO END | Collectif d\u2019Artistes | Graffiti Street Art | Clermont-Ferrand\",\"description\":\"Association d&#039;Artistes Peintres Graffiti, r\u00e9alisation de fresques, d\u00e9corations, toiles et expositions. Clermont-Ferrand, Toulouse, Paris.\",\"publisher\":{\"@id\":\"https:\/\/www.endtoend.fr\/site\/#organization\"},\"potentialAction\":[{\"@type\":\"SearchAction\",\"target\":{\"@type\":\"EntryPoint\",\"urlTemplate\":\"https:\/\/www.endtoend.fr\/site\/?s={search_term_string}\"},\"query-input\":{\"@type\":\"PropertyValueSpecification\",\"valueRequired\":true,\"valueName\":\"search_term_string\"}}],\"inLanguage\":\"fr-FR\"},{\"@type\":\"Organization\",\"@id\":\"https:\/\/www.endtoend.fr\/site\/#organization\",\"name\":\"Collectif END to END\",\"url\":\"https:\/\/www.endtoend.fr\/site\/\",\"logo\":{\"@type\":\"ImageObject\",\"inLanguage\":\"fr-FR\",\"@id\":\"https:\/\/www.endtoend.fr\/site\/#\/schema\/logo\/image\/\",\"url\":\"https:\/\/www.endtoend.fr\/site\/wp-content\/uploads\/2022\/08\/end-to-end-graffiti-street-art-clermont-ferrand.jpg\",\"contentUrl\":\"https:\/\/www.endtoend.fr\/site\/wp-content\/uploads\/2022\/08\/end-to-end-graffiti-street-art-clermont-ferrand.jpg\",\"width\":1920,\"height\":1080,\"caption\":\"Collectif END to END\"},\"image\":{\"@id\":\"https:\/\/www.endtoend.fr\/site\/#\/schema\/logo\/image\/\"},\"sameAs\":[\"https:\/\/www.facebook.com\/collectif.endtoend\",\"https:\/\/x.com\/ENDtoEND_\",\"https:\/\/www.instagram.com\/end_to_end\/\",\"https:\/\/www.youtube.com\/user\/ENDtoENDgraffiti\"]},{\"@type\":\"Person\",\"@id\":\"https:\/\/www.endtoend.fr\/site\/#\/schema\/person\/c41bbdf31473f32770fd47881070d793\",\"name\":\"ENDtoEND\",\"url\":\"https:\/\/www.endtoend.fr\/site\/author\/endtoend-shop\/\"}]}<\/script>\n<!-- \/ Yoast SEO plugin. -->","yoast_head_json":{"title":"Salon d'Art Contemporain d'Auvergne - END TO END","description":"ENDtoEND participe \u00e0 la premi\u00e8re \u00e9dition du Salon d'Art Contemporain d'Auvergne \u00e0 Clermont-Ferrand. Grande Halle d'Auvergne, 13-14-15 Novembre 2015","robots":{"index":"index","follow":"follow","max-snippet":"max-snippet:-1","max-image-preview":"max-image-preview:large","max-video-preview":"max-video-preview:-1"},"canonical":"https:\/\/www.endtoend.fr\/site\/salon-d-art-contemporain-dauvergne\/","og_locale":"fr_FR","og_type":"article","og_title":"Salon d'Art Contemporain d'Auvergne - END TO END","og_description":"ENDtoEND participe \u00e0 la premi\u00e8re \u00e9dition du Salon d'Art Contemporain d'Auvergne \u00e0 Clermont-Ferrand. Grande Halle d'Auvergne, 13-14-15 Novembre 2015","og_url":"https:\/\/www.endtoend.fr\/site\/salon-d-art-contemporain-dauvergne\/","og_site_name":"END TO END | Collectif d\u2019Artistes | Graffiti Street Art | Clermont-Ferrand","article_publisher":"https:\/\/www.facebook.com\/collectif.endtoend","article_published_time":"2015-11-11T13:33:51+00:00","article_modified_time":"2022-05-11T12:44:16+00:00","og_image":[{"width":600,"height":600,"url":"https:\/\/www.endtoend.fr\/site\/wp-content\/uploads\/2015\/11\/affiche_saca.jpg","type":"image\/jpeg"}],"author":"ENDtoEND","twitter_misc":{"\u00c9crit par":"ENDtoEND"},"schema":{"@context":"https:\/\/schema.org","@graph":[{"@type":"Article","@id":"https:\/\/www.endtoend.fr\/site\/salon-d-art-contemporain-dauvergne\/#article","isPartOf":{"@id":"https:\/\/www.endtoend.fr\/site\/salon-d-art-contemporain-dauvergne\/"},"author":{"name":"ENDtoEND","@id":"https:\/\/www.endtoend.fr\/site\/#\/schema\/person\/c41bbdf31473f32770fd47881070d793"},"headline":"Salon d&rsquo;Art Contemporain d&rsquo;Auvergne","datePublished":"2015-11-11T13:33:51+00:00","dateModified":"2022-05-11T12:44:16+00:00","mainEntityOfPage":{"@id":"https:\/\/www.endtoend.fr\/site\/salon-d-art-contemporain-dauvergne\/"},"wordCount":85,"publisher":{"@id":"https:\/\/www.endtoend.fr\/site\/#organization"},"image":{"@id":"https:\/\/www.endtoend.fr\/site\/salon-d-art-contemporain-dauvergne\/#primaryimage"},"thumbnailUrl":"https:\/\/www.endtoend.fr\/site\/wp-content\/uploads\/2015\/11\/affiche_saca.jpg","keywords":["art","auvergne","Contemporain","graffiti","salon"],"articleSection":["Actualit\u00e9s"],"inLanguage":"fr-FR"},{"@type":"WebPage","@id":"https:\/\/www.endtoend.fr\/site\/salon-d-art-contemporain-dauvergne\/","url":"https:\/\/www.endtoend.fr\/site\/salon-d-art-contemporain-dauvergne\/","name":"Salon d'Art Contemporain d'Auvergne - END TO END","isPartOf":{"@id":"https:\/\/www.endtoend.fr\/site\/#website"},"primaryImageOfPage":{"@id":"https:\/\/www.endtoend.fr\/site\/salon-d-art-contemporain-dauvergne\/#primaryimage"},"image":{"@id":"https:\/\/www.endtoend.fr\/site\/salon-d-art-contemporain-dauvergne\/#primaryimage"},"thumbnailUrl":"https:\/\/www.endtoend.fr\/site\/wp-content\/uploads\/2015\/11\/affiche_saca.jpg","datePublished":"2015-11-11T13:33:51+00:00","dateModified":"2022-05-11T12:44:16+00:00","description":"ENDtoEND participe \u00e0 la premi\u00e8re \u00e9dition du Salon d'Art Contemporain d'Auvergne \u00e0 Clermont-Ferrand. Grande Halle d'Auvergne, 13-14-15 Novembre 2015","breadcrumb":{"@id":"https:\/\/www.endtoend.fr\/site\/salon-d-art-contemporain-dauvergne\/#breadcrumb"},"inLanguage":"fr-FR","potentialAction":[{"@type":"ReadAction","target":["https:\/\/www.endtoend.fr\/site\/salon-d-art-contemporain-dauvergne\/"]}]},{"@type":"ImageObject","inLanguage":"fr-FR","@id":"https:\/\/www.endtoend.fr\/site\/salon-d-art-contemporain-dauvergne\/#primaryimage","url":"https:\/\/www.endtoend.fr\/site\/wp-content\/uploads\/2015\/11\/affiche_saca.jpg","contentUrl":"https:\/\/www.endtoend.fr\/site\/wp-content\/uploads\/2015\/11\/affiche_saca.jpg","width":600,"height":600},{"@type":"BreadcrumbList","@id":"https:\/\/www.endtoend.fr\/site\/salon-d-art-contemporain-dauvergne\/#breadcrumb","itemListElement":[{"@type":"ListItem","position":1,"name":"Home","item":"https:\/\/www.endtoend.fr\/site\/"},{"@type":"ListItem","position":2,"name":"Salon d&#8217;Art Contemporain d&#8217;Auvergne"}]},{"@type":"WebSite","@id":"https:\/\/www.endtoend.fr\/site\/#website","url":"https:\/\/www.endtoend.fr\/site\/","name":"END TO END | Collectif d\u2019Artistes | Graffiti Street Art | Clermont-Ferrand","description":"Association d&#039;Artistes Peintres Graffiti, r\u00e9alisation de fresques, d\u00e9corations, toiles et expositions. Clermont-Ferrand, Toulouse, Paris.","publisher":{"@id":"https:\/\/www.endtoend.fr\/site\/#organization"},"potentialAction":[{"@type":"SearchAction","target":{"@type":"EntryPoint","urlTemplate":"https:\/\/www.endtoend.fr\/site\/?s={search_term_string}"},"query-input":{"@type":"PropertyValueSpecification","valueRequired":true,"valueName":"search_term_string"}}],"inLanguage":"fr-FR"},{"@type":"Organization","@id":"https:\/\/www.endtoend.fr\/site\/#organization","name":"Collectif END to END","url":"https:\/\/www.endtoend.fr\/site\/","logo":{"@type":"ImageObject","inLanguage":"fr-FR","@id":"https:\/\/www.endtoend.fr\/site\/#\/schema\/logo\/image\/","url":"https:\/\/www.endtoend.fr\/site\/wp-content\/uploads\/2022\/08\/end-to-end-graffiti-street-art-clermont-ferrand.jpg","contentUrl":"https:\/\/www.endtoend.fr\/site\/wp-content\/uploads\/2022\/08\/end-to-end-graffiti-street-art-clermont-ferrand.jpg","width":1920,"height":1080,"caption":"Collectif END to END"},"image":{"@id":"https:\/\/www.endtoend.fr\/site\/#\/schema\/logo\/image\/"},"sameAs":["https:\/\/www.facebook.com\/collectif.endtoend","https:\/\/x.com\/ENDtoEND_","https:\/\/www.instagram.com\/end_to_end\/","https:\/\/www.youtube.com\/user\/ENDtoENDgraffiti"]},{"@type":"Person","@id":"https:\/\/www.endtoend.fr\/site\/#\/schema\/person\/c41bbdf31473f32770fd47881070d793","name":"ENDtoEND","url":"https:\/\/www.endtoend.fr\/site\/author\/endtoend-shop\/"}]}},"uagb_featured_image_src":{"full":["https:\/\/www.endtoend.fr\/site\/wp-content\/uploads\/2015\/11\/affiche_saca.jpg",600,600,false],"thumbnail":["https:\/\/www.endtoend.fr\/site\/wp-content\/uploads\/2015\/11\/affiche_saca-300x300.jpg",300,300,true],"medium":["https:\/\/www.endtoend.fr\/site\/wp-content\/uploads\/2015\/11\/affiche_saca.jpg",600,600,false],"medium_large":["https:\/\/www.endtoend.fr\/site\/wp-content\/uploads\/2015\/11\/affiche_saca.jpg",600,600,false],"large":["https:\/\/www.endtoend.fr\/site\/wp-content\/uploads\/2015\/11\/affiche_saca.jpg",600,600,false],"1536x1536":["https:\/\/www.endtoend.fr\/site\/wp-content\/uploads\/2015\/11\/affiche_saca.jpg",600,600,false],"2048x2048":["https:\/\/www.endtoend.fr\/site\/wp-content\/uploads\/2015\/11\/affiche_saca.jpg",600,600,false]},"uagb_author_info":{"display_name":"ENDtoEND","author_link":"https:\/\/www.endtoend.fr\/site\/author\/endtoend-shop\/"},"uagb_comment_info":0,"uagb_excerpt":"Lors de la premi\u00e8re \u00e9dition du\u00a0Salon d&rsquo;Art Contemporain d&rsquo;Auvergne \u00e0 Clermont-Ferrand, \u00a0un stand d&rsquo;exposition ENDtoEND sera tenu par Nega 144 et Deft qui pr\u00e9senteront leurs travaux sur toiles. &nbsp; Salon d&rsquo;Art Contemporain d&rsquo;Auvergne 13-14-15 Novembre\u00a02015 Grande Halle d&rsquo;Auvergne 63800 Cournon-d&rsquo;Auvergne www.salonartcontemporainauvergne.com &nbsp; INVITATION GRATUITE T\u00e9l\u00e9chargement : INVITATION SACA R\u00b0V\u00b0 &nbsp; HORAIRES OUVERTURE Vendredi 13 Novembre\u2026","_links":{"self":[{"href":"https:\/\/www.endtoend.fr\/site\/wp-json\/wp\/v2\/posts\/1939","targetHints":{"allow":["GET"]}}],"collection":[{"href":"https:\/\/www.endtoend.fr\/site\/wp-json\/wp\/v2\/posts"}],"about":[{"href":"https:\/\/www.endtoend.fr\/site\/wp-json\/wp\/v2\/types\/post"}],"author":[{"embeddable":true,"href":"https:\/\/www.endtoend.fr\/site\/wp-json\/wp\/v2\/users\/1"}],"replies":[{"embeddable":true,"href":"https:\/\/www.endtoend.fr\/site\/wp-json\/wp\/v2\/comments?post=1939"}],"version-history":[{"count":0,"href":"https:\/\/www.endtoend.fr\/site\/wp-json\/wp\/v2\/posts\/1939\/revisions"}],"wp:featuredmedia":[{"embeddable":true,"href":"https:\/\/www.endtoend.fr\/site\/wp-json\/wp\/v2\/media\/1948"}],"wp:attachment":[{"href":"https:\/\/www.endtoend.fr\/site\/wp-json\/wp\/v2\/media?parent=1939"}],"wp:term":[{"taxonomy":"category","embeddable":true,"href":"https:\/\/www.endtoend.fr\/site\/wp-json\/wp\/v2\/categories?post=1939"},{"taxonomy":"post_tag","embeddable":true,"href":"https:\/\/www.endtoend.fr\/site\/wp-json\/wp\/v2\/tags?post=1939"}],"curies":[{"name":"wp","href":"https:\/\/api.w.org\/{rel}","templated":true}]}}